{"id":973,"date":"2016-12-15T17:40:44","date_gmt":"2016-12-15T14:40:44","guid":{"rendered":"https:\/\/dasmedias.wordpress.com\/?p=973"},"modified":"2016-12-15T17:40:44","modified_gmt":"2016-12-15T14:40:44","slug":"264-de-varstnici-omagiati-de-municipalitate-la-implinirea-80-ani-de-viata-si-a-50-ani-de-la-casatorie","status":"publish","type":"post","link":"https:\/\/dasmedias.ro\/index.php\/2016\/12\/15\/264-de-varstnici-omagiati-de-municipalitate-la-implinirea-80-ani-de-viata-si-a-50-ani-de-la-casatorie\/","title":{"rendered":"264 de v\u00e2rstnici &#8211; omagia\u021bi de municipalitate la \u00eemplinirea a 80 ani de via\u021b\u0103 \u0219i a 50 ani de la c\u0103s\u0103torie"},"content":{"rendered":"<div id='gallery-1' class='gallery galleryid-973 gallery-columns-3 gallery-size-thumbnail'><figure class='gallery-item'>\n\t\t\t<div class='gallery-icon landscape'>\n\t\t\t\t<a href='https:\/\/dasmedias.ro\/index.php\/2016\/12\/15\/264-de-varstnici-omagiati-de-municipalitate-la-implinirea-80-ani-de-viata-si-a-50-ani-de-la-casatorie\/dscf7734\/'><img decoding=\"async\" width=\"150\" height=\"150\" src=\"https:\/\/dasmedias.ro\/wp-content\/uploads\/2016\/12\/dscf7734-150x150.jpg\" class=\"attachment-thumbnail size-thumbnail\" alt=\"\" srcset=\"https:\/\/dasmedias.ro\/wp-content\/uploads\/2016\/12\/dscf7734-150x150.jpg 150w, https:\/\/dasmedias.ro\/wp-content\/uploads\/2016\/12\/dscf7734-300x300.jpg 300w\" sizes=\"(max-width: 150px) 100vw, 150px\" \/><\/a>\n\t\t\t<\/div><\/figure><figure class='gallery-item'>\n\t\t\t<div class='gallery-icon landscape'>\n\t\t\t\t<a href='https:\/\/dasmedias.ro\/index.php\/2016\/12\/15\/264-de-varstnici-omagiati-de-municipalitate-la-implinirea-80-ani-de-viata-si-a-50-ani-de-la-casatorie\/dscf7735\/'><img decoding=\"async\" width=\"150\" height=\"150\" src=\"https:\/\/dasmedias.ro\/wp-content\/uploads\/2016\/12\/dscf7735-150x150.jpg\" class=\"attachment-thumbnail size-thumbnail\" alt=\"\" srcset=\"https:\/\/dasmedias.ro\/wp-content\/uploads\/2016\/12\/dscf7735-150x150.jpg 150w, https:\/\/dasmedias.ro\/wp-content\/uploads\/2016\/12\/dscf7735-300x300.jpg 300w\" sizes=\"(max-width: 150px) 100vw, 150px\" \/><\/a>\n\t\t\t<\/div><\/figure><figure class='gallery-item'>\n\t\t\t<div class='gallery-icon landscape'>\n\t\t\t\t<a href='https:\/\/dasmedias.ro\/index.php\/2016\/12\/15\/264-de-varstnici-omagiati-de-municipalitate-la-implinirea-80-ani-de-viata-si-a-50-ani-de-la-casatorie\/dscf7736\/'><img decoding=\"async\" width=\"150\" height=\"150\" src=\"https:\/\/dasmedias.ro\/wp-content\/uploads\/2016\/12\/dscf7736-150x150.jpg\" class=\"attachment-thumbnail size-thumbnail\" alt=\"\" srcset=\"https:\/\/dasmedias.ro\/wp-content\/uploads\/2016\/12\/dscf7736-150x150.jpg 150w, https:\/\/dasmedias.ro\/wp-content\/uploads\/2016\/12\/dscf7736-300x300.jpg 300w\" sizes=\"(max-width: 150px) 100vw, 150px\" \/><\/a>\n\t\t\t<\/div><\/figure><figure class='gallery-item'>\n\t\t\t<div class='gallery-icon landscape'>\n\t\t\t\t<a href='https:\/\/dasmedias.ro\/index.php\/2016\/12\/15\/264-de-varstnici-omagiati-de-municipalitate-la-implinirea-80-ani-de-viata-si-a-50-ani-de-la-casatorie\/dscf7738\/'><img loading=\"lazy\" decoding=\"async\" width=\"150\" height=\"150\" src=\"https:\/\/dasmedias.ro\/wp-content\/uploads\/2016\/12\/dscf7738-150x150.jpg\" class=\"attachment-thumbnail size-thumbnail\" alt=\"\" srcset=\"https:\/\/dasmedias.ro\/wp-content\/uploads\/2016\/12\/dscf7738-150x150.jpg 150w, https:\/\/dasmedias.ro\/wp-content\/uploads\/2016\/12\/dscf7738-300x300.jpg 300w\" sizes=\"(max-width: 150px) 100vw, 150px\" \/><\/a>\n\t\t\t<\/div><\/figure><figure class='gallery-item'>\n\t\t\t<div class='gallery-icon landscape'>\n\t\t\t\t<a href='https:\/\/dasmedias.ro\/index.php\/2016\/12\/15\/264-de-varstnici-omagiati-de-municipalitate-la-implinirea-80-ani-de-viata-si-a-50-ani-de-la-casatorie\/dscf7740\/'><img loading=\"lazy\" decoding=\"async\" width=\"150\" height=\"150\" src=\"https:\/\/dasmedias.ro\/wp-content\/uploads\/2016\/12\/dscf7740-150x150.jpg\" class=\"attachment-thumbnail size-thumbnail\" alt=\"\" srcset=\"https:\/\/dasmedias.ro\/wp-content\/uploads\/2016\/12\/dscf7740-150x150.jpg 150w, https:\/\/dasmedias.ro\/wp-content\/uploads\/2016\/12\/dscf7740-300x300.jpg 300w\" sizes=\"(max-width: 150px) 100vw, 150px\" \/><\/a>\n\t\t\t<\/div><\/figure><figure class='gallery-item'>\n\t\t\t<div class='gallery-icon landscape'>\n\t\t\t\t<a href='https:\/\/dasmedias.ro\/index.php\/2016\/12\/15\/264-de-varstnici-omagiati-de-municipalitate-la-implinirea-80-ani-de-viata-si-a-50-ani-de-la-casatorie\/dscf7742\/'><img loading=\"lazy\" decoding=\"async\" width=\"150\" height=\"150\" src=\"https:\/\/dasmedias.ro\/wp-content\/uploads\/2016\/12\/dscf7742-150x150.jpg\" class=\"attachment-thumbnail size-thumbnail\" alt=\"\" srcset=\"https:\/\/dasmedias.ro\/wp-content\/uploads\/2016\/12\/dscf7742-150x150.jpg 150w, https:\/\/dasmedias.ro\/wp-content\/uploads\/2016\/12\/dscf7742-300x300.jpg 300w\" sizes=\"(max-width: 150px) 100vw, 150px\" \/><\/a>\n\t\t\t<\/div><\/figure><figure class='gallery-item'>\n\t\t\t<div class='gallery-icon landscape'>\n\t\t\t\t<a href='https:\/\/dasmedias.ro\/index.php\/2016\/12\/15\/264-de-varstnici-omagiati-de-municipalitate-la-implinirea-80-ani-de-viata-si-a-50-ani-de-la-casatorie\/dscf7741\/'><img loading=\"lazy\" decoding=\"async\" width=\"150\" height=\"150\" src=\"https:\/\/dasmedias.ro\/wp-content\/uploads\/2016\/12\/dscf7741-150x150.jpg\" class=\"attachment-thumbnail size-thumbnail\" alt=\"\" srcset=\"https:\/\/dasmedias.ro\/wp-content\/uploads\/2016\/12\/dscf7741-150x150.jpg 150w, https:\/\/dasmedias.ro\/wp-content\/uploads\/2016\/12\/dscf7741-300x300.jpg 300w\" sizes=\"(max-width: 150px) 100vw, 150px\" \/><\/a>\n\t\t\t<\/div><\/figure>\n\t\t<\/div>\n\n<p>Decis s\u0103 men\u021bin\u0103 \u0219i pe viitor lucrurile bune preluate de la vechea administra\u021bie, actualul executiv a \u021binut s\u0103-i omagieze joi, \u00a0\u00eencep\u00e2nd cu ora 10, la Sala Traube (preg\u0103tit\u0103 de s\u0103rb\u0103toare), pe v\u00e2rstnicii Media\u0219ului \u0219i ai satului apar\u021bin\u0103tor Ighi\u0219u Nou, \u00een cadrul unei ceremonii devenite deja tradi\u021bionale. Astfel, un num\u0103r de 66 de cupluri care au s\u0103rb\u0103torit o jum\u0103tate secol de c\u0103snicie, precum \u0219i 198 de persoane care au \u00eemplinit 80 ani de via\u021b\u0103 au primit diplome de excelen\u021b\u0103 \u0219i premii \u00een bani de la primarul Gheorghe Roman \u0219i respectiv viceprimarul Christinne Thellmann. Au fost momente emo\u021bionante \u0219i o bucurie de nedescris ce se putea citi pe chipurile celor omagia\u021bi, care s-au sim\u021bit pre\u021bui\u021bi \u0219i respecta\u021bi de oficialit\u0103\u021bile locale, pentru tot ceea ce au f\u0103cut, de-a lungul existen\u021bei lor, \u00een cadrul comunit\u0103\u021bii medie\u0219ene.\u00a0[youtube https:\/\/www.youtube.com\/watch?v=6em2LUGt2Yk&amp;w=560&amp;h=315]<\/p>\n","protected":false},"excerpt":{"rendered":"<p>Decis s\u0103 men\u021bin\u0103 \u0219i pe viitor lucrurile bune preluate de la vechea administra\u021bie, actualul executiv a \u021binut s\u0103-i omagieze joi, \u00a0\u00eencep\u00e2nd cu ora 10, la Sala Traube (preg\u0103tit\u0103 de s\u0103rb\u0103toare), pe v\u00e2rstnicii Media\u0219ului \u0219i ai satului apar\u021bin\u0103tor Ighi\u0219u Nou, \u00een cadrul unei ceremonii devenite deja tradi\u021bionale. Astfel, un num\u0103r de 66 de cupluri care au s\u0103rb\u0103torit o jum\u0103tate secol de [&hellip;]<\/p>\n","protected":false},"author":1,"featured_media":0,"comment_status":"open","ping_status":"open","sticky":false,"template":"","format":"standard","meta":{"footnotes":""},"categories":[1],"tags":[],"class_list":["post-973","post","type-post","status-publish","format-standard","hentry","category-noutati"],"_links":{"self":[{"href":"https:\/\/dasmedias.ro\/index.php\/wp-json\/wp\/v2\/posts\/973","targetHints":{"allow":["GET"]}}],"collection":[{"href":"https:\/\/dasmedias.ro\/index.php\/wp-json\/wp\/v2\/posts"}],"about":[{"href":"https:\/\/dasmedias.ro\/index.php\/wp-json\/wp\/v2\/types\/post"}],"author":[{"embeddable":true,"href":"https:\/\/dasmedias.ro\/index.php\/wp-json\/wp\/v2\/users\/1"}],"replies":[{"embeddable":true,"href":"https:\/\/dasmedias.ro\/index.php\/wp-json\/wp\/v2\/comments?post=973"}],"version-history":[{"count":0,"href":"https:\/\/dasmedias.ro\/index.php\/wp-json\/wp\/v2\/posts\/973\/revisions"}],"wp:attachment":[{"href":"https:\/\/dasmedias.ro\/index.php\/wp-json\/wp\/v2\/media?parent=973"}],"wp:term":[{"taxonomy":"category","embeddable":true,"href":"https:\/\/dasmedias.ro\/index.php\/wp-json\/wp\/v2\/categories?post=973"},{"taxonomy":"post_tag","embeddable":true,"href":"https:\/\/dasmedias.ro\/index.php\/wp-json\/wp\/v2\/tags?post=973"}],"curies":[{"name":"wp","href":"https:\/\/api.w.org\/{rel}","templated":true}]}}