{"id":970,"date":"2016-12-04T18:42:36","date_gmt":"2016-12-04T15:42:36","guid":{"rendered":"https:\/\/dasmedias.wordpress.com\/?p=970"},"modified":"2016-12-04T18:42:36","modified_gmt":"2016-12-04T15:42:36","slug":"tichete-sociale-si-premieri-de-craciun-pentru-varstnicii-mediasului-si-ai-satului-apartinator","status":"publish","type":"post","link":"https:\/\/dasmedias.ro\/index.php\/2016\/12\/04\/tichete-sociale-si-premieri-de-craciun-pentru-varstnicii-mediasului-si-ai-satului-apartinator\/","title":{"rendered":"Tichete sociale \u0219i premieri, de Cr\u0103ciun, pentru v\u00e2rstnicii Media\u0219ului \u0219i ai satului apar\u021bin\u0103tor"},"content":{"rendered":"<p><a href=\"https:\/\/dasmedias.ro\/wp-content\/uploads\/2016\/12\/dscf7732.jpg\"><img fetchpriority=\"high\" decoding=\"async\" class=\"aligncenter size-large wp-image-971\" src=\"https:\/\/dasmedias.ro\/wp-content\/uploads\/2016\/12\/dscf7732.jpg?w=540\" alt=\"dscf7732\" width=\"540\" height=\"405\" \/><\/a>Apropierea sfintelor s\u0103rb\u0103tori de Cr\u0103ciun, reprezint\u0103 un bun prilej pentru administra\u021bia local\u0103, de a-i omagia pe v\u00e2rstnicii Media\u0219ului \u0219i ai satului apar\u021bin\u0103tor Ighi\u0219u Nou, \u0219i de a le oferi pensionarilor cu venituri de p\u00e2n\u0103 la 600 lei lunar, drept m\u0103sur\u0103 de suport \u0219i de sprijin, tichete sociale \u00een valoare de c\u00e2te 100 lei. Acestea vor fi distribuite celor 802 beneficiari, \u00een zilele <span class=\"text_exposed_show\">de 7 \u0219i 8 decembrie 2016, \u00eentre orele 8-13, la sediul Direc\u021biei de Asisten\u021b\u0103 Social\u0103 (D.A.S.) Media\u0219, din incinta fostei \u0218coli de Avia\u021bie. Preciz\u0103m c\u0103, to\u021bi ace\u0219tia, vor trebui s\u0103 revin\u0103 \u00een perioada 16 ianuarie &#8211; 28 februarie 2017 la sediul D.A.S. Media\u0219 cu o copie dup\u0103 actul de identitate \u0219i un cupon de pensie din lunile ianuarie sau februarie 2017, pentru actualizarea anual\u0103 a bazei de date. De men\u021bionat c\u0103, s\u0103pt\u0103m\u00e2n\u0103 mai t\u00e2rziu, mai exact \u00een data de 15 decembrie 2016 ora 10, la Sala Traube, va avea loc festivitatea de premiere a persoanelor care au \u00eemplinit v\u00e2rsta de 80 ani (198 beneficiari), respectiv au aniversat 50 de ani de la celebrarea c\u0103s\u0103toriei (66 beneficiari).<\/span><\/p>\n","protected":false},"excerpt":{"rendered":"<p>Apropierea sfintelor s\u0103rb\u0103tori de Cr\u0103ciun, reprezint\u0103 un bun prilej pentru administra\u021bia local\u0103, de a-i omagia pe v\u00e2rstnicii Media\u0219ului \u0219i ai satului apar\u021bin\u0103tor Ighi\u0219u Nou, \u0219i de a le oferi pensionarilor cu venituri de p\u00e2n\u0103 la 600 lei lunar, drept m\u0103sur\u0103 de suport \u0219i de sprijin, tichete sociale \u00een valoare de c\u00e2te 100 lei. Acestea vor fi distribuite celor 802 beneficiari, [&hellip;]<\/p>\n","protected":false},"author":1,"featured_media":0,"comment_status":"open","ping_status":"open","sticky":false,"template":"","format":"standard","meta":{"footnotes":""},"categories":[1],"tags":[],"class_list":["post-970","post","type-post","status-publish","format-standard","hentry","category-noutati"],"_links":{"self":[{"href":"https:\/\/dasmedias.ro\/index.php\/wp-json\/wp\/v2\/posts\/970","targetHints":{"allow":["GET"]}}],"collection":[{"href":"https:\/\/dasmedias.ro\/index.php\/wp-json\/wp\/v2\/posts"}],"about":[{"href":"https:\/\/dasmedias.ro\/index.php\/wp-json\/wp\/v2\/types\/post"}],"author":[{"embeddable":true,"href":"https:\/\/dasmedias.ro\/index.php\/wp-json\/wp\/v2\/users\/1"}],"replies":[{"embeddable":true,"href":"https:\/\/dasmedias.ro\/index.php\/wp-json\/wp\/v2\/comments?post=970"}],"version-history":[{"count":0,"href":"https:\/\/dasmedias.ro\/index.php\/wp-json\/wp\/v2\/posts\/970\/revisions"}],"wp:attachment":[{"href":"https:\/\/dasmedias.ro\/index.php\/wp-json\/wp\/v2\/media?parent=970"}],"wp:term":[{"taxonomy":"category","embeddable":true,"href":"https:\/\/dasmedias.ro\/index.php\/wp-json\/wp\/v2\/categories?post=970"},{"taxonomy":"post_tag","embeddable":true,"href":"https:\/\/dasmedias.ro\/index.php\/wp-json\/wp\/v2\/tags?post=970"}],"curies":[{"name":"wp","href":"https:\/\/api.w.org\/{rel}","templated":true}]}}