{"id":934,"date":"2016-09-26T18:46:25","date_gmt":"2016-09-26T06:01:25","guid":{"rendered":"https:\/\/dasmedias.wordpress.com\/?p=934"},"modified":"2016-09-26T18:46:25","modified_gmt":"2016-09-26T06:01:25","slug":"a-inceput-preluarea-cererilor-pentru-tichetele-de-gradinita","status":"publish","type":"post","link":"https:\/\/dasmedias.ro\/index.php\/2016\/09\/26\/a-inceput-preluarea-cererilor-pentru-tichetele-de-gradinita\/","title":{"rendered":"A \u00eenceput preluarea cererilor pentru tichetele de gr\u0103dini\u0163\u0103"},"content":{"rendered":"<p>O dat\u0103 cu debutul noului an \u015fcolar, Direc\u0163ia de Asisten\u0163\u0103 Social\u0103 Media\u015f a \u00eenceput (din data de 12 septembrie) preluarea cererilor \u00een vederea acord\u0103rii tichetelor de gr\u0103dini\u0163\u0103, \u00een conformitate cu Legea 248\/2015 privind stimularea particip\u0103rii \u00een \u00eenv\u0103\u0163\u0103m\u00e2ntul pre\u015fcolar a copiilor provenind din familii defavorizate. Stimulentul educa\u0163ional \u00een spe\u0163\u0103 const\u0103 \u00een tichete \u00een valoare de 50 lei lunar, acordate pe \u00eentreaga peri<span class=\"text_exposed_show\">oad\u0103 a anului \u0219colar. De respectiva presta\u0163ie social\u0103 beneficiaz\u0103 copiii \u00eenscri\u015fi la o unitate de \u00eenv\u0103\u0163\u0103m\u00e2nt pre\u015fcolar, care frecventeaz\u0103 gr\u0103dini\u0163a, venitul lunar pe membru de familie fiind stabilit la 284 lei. De men\u0163ionat c\u0103, acordarea stimulentului educa\u0163ional este condi\u0163ionat\u0103 de frecven\u0163a regulat\u0103 a copiilor la gr\u0103dini\u0163\u0103, nefiind admise absen\u0163e nemotivate mai mari de 3 zile lunar. Tichetele de gr\u0103dini\u0163\u0103 sunt destinate achizi\u0163ion\u0103rii produselor alimentare, de igien\u0103, a produselor de \u00eembr\u0103c\u0103minte \u015fi a rechizitelor. Cererile, \u00eenso\u0163ite de celelalte documente justificative pot fi depuse pe \u00eentreaga perioad\u0103 a anului \u015fcolar 2016-2017 (\u00een zilele de luni, mar\u0163i, miercuri \u015fi joi \u00eentre orele 8-13) la sediul D.A.S. Media\u015f (Serviciul Beneficii de Asisten\u0163\u0103 Social\u0103 \u015fi Servicii Sociale) din incinta fostei \u0218coli de Avia\u0163ie (Aleea Comandor Dimitrie Moraru nr. 11).<\/span><a href=\"https:\/\/dasmedias.ro\/wp-content\/uploads\/2016\/09\/tich-gra.jpg\"><img fetchpriority=\"high\" decoding=\"async\" class=\"aligncenter size-full wp-image-935\" src=\"https:\/\/dasmedias.ro\/wp-content\/uploads\/2016\/09\/tich-gra.jpg\" alt=\"tich-gra\" width=\"498\" height=\"280\" srcset=\"https:\/\/dasmedias.ro\/wp-content\/uploads\/2016\/09\/tich-gra.jpg 498w, https:\/\/dasmedias.ro\/wp-content\/uploads\/2016\/09\/tich-gra-300x169.jpg 300w\" sizes=\"(max-width: 498px) 100vw, 498px\" \/><\/a><\/p>\n","protected":false},"excerpt":{"rendered":"<p>O dat\u0103 cu debutul noului an \u015fcolar, Direc\u0163ia de Asisten\u0163\u0103 Social\u0103 Media\u015f a \u00eenceput (din data de 12 septembrie) preluarea cererilor \u00een vederea acord\u0103rii tichetelor de gr\u0103dini\u0163\u0103, \u00een conformitate cu Legea 248\/2015 privind stimularea particip\u0103rii \u00een \u00eenv\u0103\u0163\u0103m\u00e2ntul pre\u015fcolar a copiilor provenind din familii defavorizate. Stimulentul educa\u0163ional \u00een spe\u0163\u0103 const\u0103 \u00een tichete \u00een valoare de 50 lei lunar, acordate pe \u00eentreaga [&hellip;]<\/p>\n","protected":false},"author":1,"featured_media":0,"comment_status":"open","ping_status":"open","sticky":false,"template":"","format":"standard","meta":{"footnotes":""},"categories":[1],"tags":[],"class_list":["post-934","post","type-post","status-publish","format-standard","hentry","category-noutati"],"_links":{"self":[{"href":"https:\/\/dasmedias.ro\/index.php\/wp-json\/wp\/v2\/posts\/934","targetHints":{"allow":["GET"]}}],"collection":[{"href":"https:\/\/dasmedias.ro\/index.php\/wp-json\/wp\/v2\/posts"}],"about":[{"href":"https:\/\/dasmedias.ro\/index.php\/wp-json\/wp\/v2\/types\/post"}],"author":[{"embeddable":true,"href":"https:\/\/dasmedias.ro\/index.php\/wp-json\/wp\/v2\/users\/1"}],"replies":[{"embeddable":true,"href":"https:\/\/dasmedias.ro\/index.php\/wp-json\/wp\/v2\/comments?post=934"}],"version-history":[{"count":0,"href":"https:\/\/dasmedias.ro\/index.php\/wp-json\/wp\/v2\/posts\/934\/revisions"}],"wp:attachment":[{"href":"https:\/\/dasmedias.ro\/index.php\/wp-json\/wp\/v2\/media?parent=934"}],"wp:term":[{"taxonomy":"category","embeddable":true,"href":"https:\/\/dasmedias.ro\/index.php\/wp-json\/wp\/v2\/categories?post=934"},{"taxonomy":"post_tag","embeddable":true,"href":"https:\/\/dasmedias.ro\/index.php\/wp-json\/wp\/v2\/tags?post=934"}],"curies":[{"name":"wp","href":"https:\/\/api.w.org\/{rel}","templated":true}]}}