{"id":863,"date":"2016-07-25T18:19:09","date_gmt":"2016-07-25T05:34:09","guid":{"rendered":"https:\/\/dasmedias.wordpress.com\/?p=863"},"modified":"2016-07-25T18:19:09","modified_gmt":"2016-07-25T05:34:09","slug":"ultimele-ajutoare-alimentare-din-cadrul-poad-au-ajuns-la-medias","status":"publish","type":"post","link":"https:\/\/dasmedias.ro\/index.php\/2016\/07\/25\/ultimele-ajutoare-alimentare-din-cadrul-poad-au-ajuns-la-medias\/","title":{"rendered":"Ultimele ajutoare alimentare din cadrul POAD au ajuns la Media\u015f"},"content":{"rendered":"<p><a href=\"https:\/\/dasmedias.wordpress.com\/2016\/06\/28\/de-joi-30-iunie-2016-incepe-distribuirea-la-medias-a-ajutoarelor-alimentare-de-la-uniunea-europeana\/dscf7605\/\" rel=\"attachment wp-att-845\"><img fetchpriority=\"high\" decoding=\"async\" class=\"aligncenter size-large wp-image-845\" src=\"https:\/\/dasmedias.ro\/wp-content\/uploads\/2016\/06\/dscf7605.jpg?w=540\" alt=\"DSCF7605\" width=\"540\" height=\"405\" \/><\/a>\u00cen cadrul Programului Opera\u0163ional Ajutorarea Persoanelor Defavorizate (POAD), vineri a ajuns la Media\u015f ultimul transport de alimente de la Uniunea European\u0103, distribuirea acestora urm\u00e2nd a se finaliza, potrivit dispozi\u0163iilor legale \u00een vigoare, \u00een termen de 45 de zile. <a id=\"js_2d\" class=\"profileLink\" href=\"https:\/\/www.facebook.com\/directia.sociala\">Direc\u0163ia Asisten\u0163\u0103 Social\u0103<\/a>\u00a0mul\u0163ume\u015fte \u00een mod public pentru colaborare \u015fi implicare consilierului local\u00a0<a class=\"profileLink\" href=\"https:\/\/www.facebook.com\/radu.george.524\">Radu George<\/a>, manager la Teracota Media\u015f, firm\u0103 apar\u0163in\u00e2nd grupului SN DECO, condus\u0103 de omul de afaceri Uwe Draser.<\/p>\n","protected":false},"excerpt":{"rendered":"<p>\u00cen cadrul Programului Opera\u0163ional Ajutorarea Persoanelor Defavorizate (POAD), vineri a ajuns la Media\u015f ultimul transport de alimente de la Uniunea European\u0103, distribuirea acestora urm\u00e2nd a se finaliza, potrivit dispozi\u0163iilor legale \u00een vigoare, \u00een termen de 45 de zile. Direc\u0163ia Asisten\u0163\u0103 Social\u0103\u00a0mul\u0163ume\u015fte \u00een mod public pentru colaborare \u015fi implicare consilierului local\u00a0Radu George, manager la Teracota Media\u015f, firm\u0103 apar\u0163in\u00e2nd grupului SN DECO, [&hellip;]<\/p>\n","protected":false},"author":1,"featured_media":0,"comment_status":"open","ping_status":"open","sticky":false,"template":"","format":"standard","meta":{"footnotes":""},"categories":[1],"tags":[],"class_list":["post-863","post","type-post","status-publish","format-standard","hentry","category-noutati"],"_links":{"self":[{"href":"https:\/\/dasmedias.ro\/index.php\/wp-json\/wp\/v2\/posts\/863","targetHints":{"allow":["GET"]}}],"collection":[{"href":"https:\/\/dasmedias.ro\/index.php\/wp-json\/wp\/v2\/posts"}],"about":[{"href":"https:\/\/dasmedias.ro\/index.php\/wp-json\/wp\/v2\/types\/post"}],"author":[{"embeddable":true,"href":"https:\/\/dasmedias.ro\/index.php\/wp-json\/wp\/v2\/users\/1"}],"replies":[{"embeddable":true,"href":"https:\/\/dasmedias.ro\/index.php\/wp-json\/wp\/v2\/comments?post=863"}],"version-history":[{"count":0,"href":"https:\/\/dasmedias.ro\/index.php\/wp-json\/wp\/v2\/posts\/863\/revisions"}],"wp:attachment":[{"href":"https:\/\/dasmedias.ro\/index.php\/wp-json\/wp\/v2\/media?parent=863"}],"wp:term":[{"taxonomy":"category","embeddable":true,"href":"https:\/\/dasmedias.ro\/index.php\/wp-json\/wp\/v2\/categories?post=863"},{"taxonomy":"post_tag","embeddable":true,"href":"https:\/\/dasmedias.ro\/index.php\/wp-json\/wp\/v2\/tags?post=863"}],"curies":[{"name":"wp","href":"https:\/\/api.w.org\/{rel}","templated":true}]}}