{"id":844,"date":"2016-06-28T02:10:09","date_gmt":"2016-06-27T13:25:09","guid":{"rendered":"https:\/\/dasmedias.wordpress.com\/?p=844"},"modified":"2016-06-28T02:10:09","modified_gmt":"2016-06-27T13:25:09","slug":"de-joi-30-iunie-2016-incepe-distribuirea-la-medias-a-ajutoarelor-alimentare-de-la-uniunea-europeana","status":"publish","type":"post","link":"https:\/\/dasmedias.ro\/index.php\/2016\/06\/28\/de-joi-30-iunie-2016-incepe-distribuirea-la-medias-a-ajutoarelor-alimentare-de-la-uniunea-europeana\/","title":{"rendered":"De joi, 30 iunie 2016, \u00eencepe distribuirea, la Media\u0219, a ajutoarelor alimentare de la Uniunea European\u0103"},"content":{"rendered":"<div id='gallery-1' class='gallery galleryid-844 gallery-columns-3 gallery-size-thumbnail'><figure class='gallery-item'>\n\t\t\t<div class='gallery-icon landscape'>\n\t\t\t\t<a href='https:\/\/dasmedias.ro\/index.php\/2016\/06\/28\/de-joi-30-iunie-2016-incepe-distribuirea-la-medias-a-ajutoarelor-alimentare-de-la-uniunea-europeana\/dscf7605\/'><img decoding=\"async\" width=\"150\" height=\"150\" src=\"https:\/\/dasmedias.ro\/wp-content\/uploads\/2016\/06\/dscf7605-150x150.jpg\" class=\"attachment-thumbnail size-thumbnail\" alt=\"\" srcset=\"https:\/\/dasmedias.ro\/wp-content\/uploads\/2016\/06\/dscf7605-150x150.jpg 150w, https:\/\/dasmedias.ro\/wp-content\/uploads\/2016\/06\/dscf7605-300x300.jpg 300w\" sizes=\"(max-width: 150px) 100vw, 150px\" \/><\/a>\n\t\t\t<\/div><\/figure><figure class='gallery-item'>\n\t\t\t<div class='gallery-icon landscape'>\n\t\t\t\t<a href='https:\/\/dasmedias.ro\/index.php\/2016\/06\/28\/de-joi-30-iunie-2016-incepe-distribuirea-la-medias-a-ajutoarelor-alimentare-de-la-uniunea-europeana\/dscf7607\/'><img decoding=\"async\" width=\"150\" height=\"150\" src=\"https:\/\/dasmedias.ro\/wp-content\/uploads\/2016\/06\/dscf7607-150x150.jpg\" class=\"attachment-thumbnail size-thumbnail\" alt=\"\" srcset=\"https:\/\/dasmedias.ro\/wp-content\/uploads\/2016\/06\/dscf7607-150x150.jpg 150w, https:\/\/dasmedias.ro\/wp-content\/uploads\/2016\/06\/dscf7607-300x300.jpg 300w\" sizes=\"(max-width: 150px) 100vw, 150px\" \/><\/a>\n\t\t\t<\/div><\/figure><figure class='gallery-item'>\n\t\t\t<div class='gallery-icon landscape'>\n\t\t\t\t<a href='https:\/\/dasmedias.ro\/index.php\/2016\/06\/28\/de-joi-30-iunie-2016-incepe-distribuirea-la-medias-a-ajutoarelor-alimentare-de-la-uniunea-europeana\/dscf7609\/'><img decoding=\"async\" width=\"150\" height=\"150\" src=\"https:\/\/dasmedias.ro\/wp-content\/uploads\/2016\/06\/dscf7609-150x150.jpg\" class=\"attachment-thumbnail size-thumbnail\" alt=\"\" srcset=\"https:\/\/dasmedias.ro\/wp-content\/uploads\/2016\/06\/dscf7609-150x150.jpg 150w, https:\/\/dasmedias.ro\/wp-content\/uploads\/2016\/06\/dscf7609-300x300.jpg 300w\" sizes=\"(max-width: 150px) 100vw, 150px\" \/><\/a>\n\t\t\t<\/div><\/figure>\n\t\t<\/div>\n\n<p>Programul Opera\u0163ional Ajutorarea Persoanelor Defavorizate (POAD) care asigur\u0103 distribu\u0163ia gratuit\u0103 a ajutoarelor alimentare de la Uniunea European\u0103, se va derula la Media\u015f, \u00eencep\u00e2nd de joi, 30 iunie 2016. \u00cen cursul zilei de luni au sosit cantit\u0103\u0163ile necesare de alimente, pentru cei aproximativ 3.600 de beneficiari, prima categorie c\u0103reia \u00eei vor fi distribuite acestea, \u00een ordine alfabetic\u0103 (pe baza invita\u021biilor deja remise prin po\u0219t\u0103), fiind pensionarii, care reprezint\u0103 circa o treime din totalul beneficiarilor ce locuiesc \u00een Media\u015f \u015fi satul apar\u0163in\u0103tor, Ighi\u015fu Nou. Potrivit art. 3 din HGR nr. 799\/2014 categoriile de persoane defavorizate care beneficiaz\u0103 de ajutoare alimentare distribuite \u00een cadrul POAD sunt:<\/p>\n<div>\n<div>\n<div>\n<div>\n<div>\n<div dir=\"ltr\">\n<ol>\n<li><em>a) familiile \u015fi persoanele singure c\u0103rora le este stabilit, prin dispozi\u0163ie scris\u0103 a\u00a0primarului, dreptul la un venit minim garantat acordat \u00een baza Legii nr. 416\/2001 privind venitul minim garantat, cu modific\u0103rile \u015fi complet\u0103rile ulterioare;<\/em><\/li>\n<li><em>b) familiile beneficiare de aloca\u0163ie pentru sus\u0163inerea familiei acordat\u0103 \u00een baza Legii nr. 277\/2010 privind aloca\u0163ia pentru sus\u0163inerea familiei, republicat\u0103, cu modific\u0103rile \u015fi complet\u0103rile ulterioare;<\/em><\/li>\n<li><em>c) \u015fomerii care beneficiaz\u0103 \u00een condi\u0163iile Legii nr. 76\/2002 privind sistemul asigur\u0103rilor pentru \u015fomaj \u015fi stimularea ocup\u0103rii for\u0163ei de munc\u0103, cu modific\u0103rile \u015fi complet\u0103rile ulterioare, de indemniza\u0163ie de \u015fomaj \u00een cuantum lunar stabilit conform prevederilor legale de p\u00e2n\u0103 la 450 lei, inclusiv, \u015fi \u015fomerii \u00eenregistra\u0163i la agen\u0163iile pentru ocuparea for\u0163ei de munc\u0103 jude\u0163ene sau a\u00a0municipiului Bucure\u015fti care nu beneficiaz\u0103 de indemniza\u0163ie de \u015fomaj \u00een condi\u0163iile Legii nr. 76\/2002, cu modific\u0103rile \u015fi complet\u0103rile ulterioare;<\/em><\/li>\n<li><em>d) pensionarii sistemului public de pensii ale c\u0103ror drepturi, ob\u0163inute din pensie sau, dup\u0103 caz, din pensii cumulate, sunt de p\u00e2n\u0103 la 450 lei\/lun\u0103 inclusiv;<\/em><\/li>\n<li><em>e) pensionarii sistemului public de pensii, beneficiari ai indemniza\u0163iei sociale pentru pensionari, acordat\u0103 potrivit Ordonan\u0163ei de urgen\u0163\u0103 a\u00a0Guvernului nr. 6\/2009 privind instituirea pensiei sociale minime garantate, aprobat\u0103 prin Legea nr. 196\/2009, al c\u0103ror venit este de p\u00e2n\u0103 la 450 lei\/lun\u0103 inclusiv;<\/em><\/li>\n<li><em>f) persoanele beneficiare ale prevederilor Legii nr. 49\/1991 privind acordarea de indemniza\u0163ii \u015fi sporuri invalizilor, veteranilor \u015fi v\u0103duvelor de r\u0103zboi, cu modific\u0103rile \u015fi complet\u0103rile ulterioare, Legii nr. 44\/1994 privind veteranii de r\u0103zboi, precum \u015fi unele drepturi ale invalizilor \u015fi v\u0103duvelor de r\u0103zboi, republicat\u0103, cu modific\u0103rile \u015fi complet\u0103rile ulterioare, Legii nr. 49\/1999 privind pensiile I.O.V.R., cu modific\u0103rile \u015fi complet\u0103rile ulterioare, Legii nr. 309\/2002 privind recunoa\u015fterea \u015fi acordarea unor drepturi persoanelor care au efectuat stagiul militar \u00een cadrul Direc\u0163iei Generale a\u00a0Serviciului Muncii \u00een perioada 1950\u20141961, cu modific\u0103rile \u015fi complet\u0103rile ulterioare, Decretului-lege nr. 118\/1990 privind acordarea unor drepturi persoanelor persecutate din motive politice de dictatura instaurat\u0103 cu \u00eencepere de la 6 martie 1945, precum \u015fi celor deportate \u00een str\u0103in\u0103tate ori constituite \u00een prizonieri, republicat, cu modific\u0103rile \u015fi complet\u0103rile ulterioare, Ordonan\u0163ei Guvernului nr. 105\/1999 privind acordarea unor drepturi persoanelor persecutate de c\u0103tre regimurile instaurate \u00een Rom\u00e2nia cu \u00eencepere de la 6 septembrie 1940 p\u00e2n\u0103 la 6 martie 1945 din motive etnice, aprobat\u0103 cu modific\u0103ri \u015fi complet\u0103ri prin Legea nr. 189\/2000, cu modific\u0103rile \u015fi complet\u0103rile ulterioare, Legii recuno\u015ftin\u0163ei pentru victoria Revolu\u0163iei Rom\u00e2ne din Decembrie 1989 \u015fi pentru revolta muncitoreasc\u0103 anticomunist\u0103 de la Bra\u015fov din noiembrie 1987 nr. 341\/2004, cu modific\u0103rile \u015fi complet\u0103rile ulterioare, Legii nr. 109\/2005 privind instituirea indemniza\u0163iei pentru activitatea de liber-profesionist a\u00a0arti\u015ftilor interpre\u0163i sau executan\u0163i din Rom\u00e2nia, republicat\u0103, Legii nr. 8\/2006 privind instituirea indemniza\u0163iei pentru pensionarii sistemului public de pensii, membri ai uniunilor de creatori legal constituite \u015fi recunoscute ca persoane juridice de utilitate public\u0103, cu modific\u0103rile \u015fi complet\u0103rile ulterioare, Legii nr. 578\/2004 privind acordarea unui ajutor lunar pentru so\u0163ul supravie\u0163uitor, cu modific\u0103rile ulterioare, dac\u0103 nu realizeaz\u0103 alte venituri \u00een afar\u0103 de cele provenite din drepturile b\u0103ne\u015fti acordate de aceste legi, ale c\u0103ror cuantum cumulat este de p\u00e2n\u0103 la 450 lei\/lun\u0103 inclusiv;<\/em><\/li>\n<li><em>g) persoanele cu handicap grav \u015fi accentuat, adul\u0163i \u015fi copii, care nu beneficiaz\u0103 de \u00eengrijire \u00een servicii sociale \u00een regim reziden\u0163ial, publice sau private;<\/em><\/li>\n<li><em>h) persoanele f\u0103r\u0103 venituri sau ale c\u0103ror venituri nete lunare realizate sunt de p\u00e2n\u0103 la 450 lei\/lun\u0103\/persoan\u0103, inclusiv, \u015fi nu se \u00eencadreaz\u0103 \u00een niciuna dintre categoriile prev\u0103zute la lit. a)\u2014g), stabilite prin dispozi\u0163ie a\u00a0primarului.<\/em><\/li>\n<\/ol>\n<\/div>\n<\/div>\n<\/div>\n<\/div>\n<div>\n<div>\n<div>\n<div dir=\"ltr\">\n<p>\u00cen cadrul POAD 2016 ajutoarele vor fi distribuite \u00een dou\u0103 cutii de carton cu con\u0163inut identic, fiecare cutie con\u0163in\u00e2nd urm\u0103toarele produse alimentare \u015fi cantit\u0103\u0163i:<\/p>\n<table border=\"1\" cellspacing=\"0\" cellpadding=\"0\">\n<tbody>\n<tr>\n<td width=\"241\">Produs<\/td>\n<td width=\"180\">Ambalare<\/td>\n<td width=\"76\">Num\u0103r ambalaje<\/td>\n<td width=\"102\">Greutate\u00a0\u00a0\u00a0\u00a0 (kg sau litri)<\/td>\n<\/tr>\n<tr>\n<td width=\"241\">Fain\u0103 alb\u0103 de gr\u00e2u<\/td>\n<td valign=\"top\" width=\"180\">pung\u0103 de 1 kg.<\/td>\n<td width=\"76\">1<\/td>\n<td width=\"102\">1,000<\/td>\n<\/tr>\n<tr>\n<td width=\"241\">M\u0103lai<\/td>\n<td valign=\"top\" width=\"180\">pung\u0103 de 1 kg.<\/td>\n<td width=\"76\">2<\/td>\n<td width=\"102\">2,000<\/td>\n<\/tr>\n<tr>\n<td width=\"241\">Paste f\u0103inoase<\/td>\n<td valign=\"top\" width=\"180\">pung\u0103 de 400 g.<\/td>\n<td width=\"76\">1<\/td>\n<td width=\"102\">0,400<\/td>\n<\/tr>\n<tr>\n<td width=\"241\">Ulei<\/td>\n<td valign=\"top\" width=\"180\">sticla din plastic de 1 l.<\/td>\n<td width=\"76\">2<\/td>\n<td width=\"102\">2,000<\/td>\n<\/tr>\n<tr>\n<td width=\"241\">Zah\u0103r<\/td>\n<td valign=\"top\" width=\"180\">pung\u0103 de 1 kg.<\/td>\n<td width=\"76\">1<\/td>\n<td width=\"102\">1,000<\/td>\n<\/tr>\n<tr>\n<td width=\"241\">Conserv\u0103 carne de vita<\/td>\n<td valign=\"top\" width=\"180\">cutie metalic\u0103 de 300 g.<\/td>\n<td width=\"76\">1<\/td>\n<td width=\"102\">0,300<\/td>\n<\/tr>\n<tr>\n<td width=\"241\">Conserv\u0103 pateu\u00a0 de ficat de porc<\/td>\n<td valign=\"top\" width=\"180\">cutie metalic\u0103 de 200 g.<\/td>\n<td width=\"76\">1<\/td>\n<td width=\"102\">0,200<\/td>\n<\/tr>\n<tr>\n<td width=\"241\">Orez<\/td>\n<td valign=\"top\" width=\"180\">pung\u0103 de 1 kg.<\/td>\n<td width=\"76\">1<\/td>\n<td width=\"102\">1,000<\/td>\n<\/tr>\n<tr>\n<td width=\"241\">Conserv\u0103 de pasta de tomate<\/td>\n<td valign=\"top\" width=\"180\">cutie metalic\u0103\u00a0 de 400 g.<\/td>\n<td width=\"76\">1<\/td>\n<td width=\"102\">0,400<\/td>\n<\/tr>\n<tr>\n<td width=\"241\">Fasole boabe<\/td>\n<td valign=\"top\" width=\"180\">pung\u0103 de 500 g.<\/td>\n<td width=\"76\">1<\/td>\n<td width=\"102\">0,500<\/td>\n<\/tr>\n<tr>\n<td width=\"241\">Total<\/td>\n<td valign=\"top\" width=\"180\"><\/td>\n<td width=\"76\">12<\/td>\n<td width=\"102\">8,800<\/td>\n<\/tr>\n<\/tbody>\n<\/table>\n<\/div>\n<\/div>\n<\/div>\n<\/div>\n<div>\n<div><\/div>\n<div>La Media\u015f, distribuirea alimentelor se va face la sediul Direc\u0163iei de Asisten\u0163\u0103 Social\u0103 din strada Aleea Comandor Dimitrie Moraru nr. 11 (fosta \u0218coal\u0103 de Avia\u021bie), \u00eencep\u00e2nd cu data de 30 iunie 2016, \u00een toate zilele lucr\u0103toare (de luni p\u00e2n\u0103 vineri) \u00eentre orele 07.30 &#8211; 12.30.<\/div>\n<\/div>\n<\/div>\n<\/div>\n","protected":false},"excerpt":{"rendered":"<p>Programul Opera\u0163ional Ajutorarea Persoanelor Defavorizate (POAD) care asigur\u0103 distribu\u0163ia gratuit\u0103 a ajutoarelor alimentare de la Uniunea European\u0103, se va derula la Media\u015f, \u00eencep\u00e2nd de joi, 30 iunie 2016. \u00cen cursul zilei de luni au sosit cantit\u0103\u0163ile necesare de alimente, pentru cei aproximativ 3.600 de beneficiari, prima categorie c\u0103reia \u00eei vor fi distribuite acestea, \u00een ordine alfabetic\u0103 (pe baza invita\u021biilor deja [&hellip;]<\/p>\n","protected":false},"author":1,"featured_media":0,"comment_status":"open","ping_status":"open","sticky":false,"template":"","format":"standard","meta":{"footnotes":""},"categories":[1],"tags":[],"class_list":["post-844","post","type-post","status-publish","format-standard","hentry","category-noutati"],"_links":{"self":[{"href":"https:\/\/dasmedias.ro\/index.php\/wp-json\/wp\/v2\/posts\/844","targetHints":{"allow":["GET"]}}],"collection":[{"href":"https:\/\/dasmedias.ro\/index.php\/wp-json\/wp\/v2\/posts"}],"about":[{"href":"https:\/\/dasmedias.ro\/index.php\/wp-json\/wp\/v2\/types\/post"}],"author":[{"embeddable":true,"href":"https:\/\/dasmedias.ro\/index.php\/wp-json\/wp\/v2\/users\/1"}],"replies":[{"embeddable":true,"href":"https:\/\/dasmedias.ro\/index.php\/wp-json\/wp\/v2\/comments?post=844"}],"version-history":[{"count":0,"href":"https:\/\/dasmedias.ro\/index.php\/wp-json\/wp\/v2\/posts\/844\/revisions"}],"wp:attachment":[{"href":"https:\/\/dasmedias.ro\/index.php\/wp-json\/wp\/v2\/media?parent=844"}],"wp:term":[{"taxonomy":"category","embeddable":true,"href":"https:\/\/dasmedias.ro\/index.php\/wp-json\/wp\/v2\/categories?post=844"},{"taxonomy":"post_tag","embeddable":true,"href":"https:\/\/dasmedias.ro\/index.php\/wp-json\/wp\/v2\/tags?post=844"}],"curies":[{"name":"wp","href":"https:\/\/api.w.org\/{rel}","templated":true}]}}