{"id":831,"date":"2016-06-14T17:02:27","date_gmt":"2016-06-14T04:17:27","guid":{"rendered":"https:\/\/dasmedias.wordpress.com\/?p=831"},"modified":"2016-06-14T17:02:27","modified_gmt":"2016-06-14T04:17:27","slug":"intalnire-de-lucru-la-medias-in-cadrul-proiectului-comun-d-g-a-s-p-c-sibiu-asociatia-s-o-s-satele-copiilor-romania","status":"publish","type":"post","link":"https:\/\/dasmedias.ro\/index.php\/2016\/06\/14\/intalnire-de-lucru-la-medias-in-cadrul-proiectului-comun-d-g-a-s-p-c-sibiu-asociatia-s-o-s-satele-copiilor-romania\/","title":{"rendered":"\u00ceNT\u00c2LNIRE DE LUCRU LA MEDIA\u0218, \u00ceN CADRUL PROIECTULUI COMUN D.G.A.S.P.C. SIBIU &#8211; ASOCIA\u021aIA &#8222;S.O.S. SATELE COPIILOR ROM\u00c2NIA&#8221;"},"content":{"rendered":"<div id='gallery-1' class='gallery galleryid-831 gallery-columns-3 gallery-size-thumbnail'><figure class='gallery-item'>\n\t\t\t<div class='gallery-icon landscape'>\n\t\t\t\t<a href='https:\/\/dasmedias.ro\/index.php\/2016\/06\/14\/intalnire-de-lucru-la-medias-in-cadrul-proiectului-comun-d-g-a-s-p-c-sibiu-asociatia-s-o-s-satele-copiilor-romania\/13412982_640083089491435_3965560386075284271_n\/'><img decoding=\"async\" width=\"150\" height=\"150\" src=\"https:\/\/dasmedias.ro\/wp-content\/uploads\/2016\/06\/13412982_640083089491435_3965560386075284271_n-150x150.jpg\" class=\"attachment-thumbnail size-thumbnail\" alt=\"\" srcset=\"https:\/\/dasmedias.ro\/wp-content\/uploads\/2016\/06\/13412982_640083089491435_3965560386075284271_n-150x150.jpg 150w, https:\/\/dasmedias.ro\/wp-content\/uploads\/2016\/06\/13412982_640083089491435_3965560386075284271_n-300x300.jpg 300w\" sizes=\"(max-width: 150px) 100vw, 150px\" \/><\/a>\n\t\t\t<\/div><\/figure><figure class='gallery-item'>\n\t\t\t<div class='gallery-icon landscape'>\n\t\t\t\t<a href='https:\/\/dasmedias.ro\/index.php\/2016\/06\/14\/intalnire-de-lucru-la-medias-in-cadrul-proiectului-comun-d-g-a-s-p-c-sibiu-asociatia-s-o-s-satele-copiilor-romania\/13418998_640082729491471_748810514374030429_n\/'><img decoding=\"async\" width=\"150\" height=\"150\" src=\"https:\/\/dasmedias.ro\/wp-content\/uploads\/2016\/06\/13418998_640082729491471_748810514374030429_n-150x150.jpg\" class=\"attachment-thumbnail size-thumbnail\" alt=\"\" srcset=\"https:\/\/dasmedias.ro\/wp-content\/uploads\/2016\/06\/13418998_640082729491471_748810514374030429_n-150x150.jpg 150w, https:\/\/dasmedias.ro\/wp-content\/uploads\/2016\/06\/13418998_640082729491471_748810514374030429_n-300x300.jpg 300w\" sizes=\"(max-width: 150px) 100vw, 150px\" \/><\/a>\n\t\t\t<\/div><\/figure><figure class='gallery-item'>\n\t\t\t<div class='gallery-icon landscape'>\n\t\t\t\t<a href='https:\/\/dasmedias.ro\/index.php\/2016\/06\/14\/intalnire-de-lucru-la-medias-in-cadrul-proiectului-comun-d-g-a-s-p-c-sibiu-asociatia-s-o-s-satele-copiilor-romania\/13407232_640083349491409_9005950508438486223_n\/'><img decoding=\"async\" width=\"150\" height=\"150\" src=\"https:\/\/dasmedias.ro\/wp-content\/uploads\/2016\/06\/13407232_640083349491409_9005950508438486223_n-150x150.jpg\" class=\"attachment-thumbnail size-thumbnail\" alt=\"\" srcset=\"https:\/\/dasmedias.ro\/wp-content\/uploads\/2016\/06\/13407232_640083349491409_9005950508438486223_n-150x150.jpg 150w, https:\/\/dasmedias.ro\/wp-content\/uploads\/2016\/06\/13407232_640083349491409_9005950508438486223_n-300x300.jpg 300w\" sizes=\"(max-width: 150px) 100vw, 150px\" \/><\/a>\n\t\t\t<\/div><\/figure><figure class='gallery-item'>\n\t\t\t<div class='gallery-icon landscape'>\n\t\t\t\t<a href='https:\/\/dasmedias.ro\/index.php\/2016\/06\/14\/intalnire-de-lucru-la-medias-in-cadrul-proiectului-comun-d-g-a-s-p-c-sibiu-asociatia-s-o-s-satele-copiilor-romania\/13432380_640083202824757_5434126981032669720_n\/'><img loading=\"lazy\" decoding=\"async\" width=\"150\" height=\"150\" src=\"https:\/\/dasmedias.ro\/wp-content\/uploads\/2016\/06\/13432380_640083202824757_5434126981032669720_n-150x150.jpg\" class=\"attachment-thumbnail size-thumbnail\" alt=\"\" srcset=\"https:\/\/dasmedias.ro\/wp-content\/uploads\/2016\/06\/13432380_640083202824757_5434126981032669720_n-150x150.jpg 150w, https:\/\/dasmedias.ro\/wp-content\/uploads\/2016\/06\/13432380_640083202824757_5434126981032669720_n-300x300.jpg 300w\" sizes=\"(max-width: 150px) 100vw, 150px\" \/><\/a>\n\t\t\t<\/div><\/figure>\n\t\t<\/div>\n\n<p>Sala de \u0219edin\u021be a Direc\u021biei de Asisten\u021b\u0103 Social\u0103 Media\u0219, situat\u0103 \u00een strada Aleea Comandor Dimitrie Moraru nr. 11, a fost luni, pe durata a 5 ore, gazda ciclului de \u00eent\u00e2lniri de lucru derulate \u00een cadrul proiectului &#8222;Jude\u021bul Sibiu mai prietenos pentru copii &#8211; autorit\u0103\u021bi locale mai bine echipate, interven\u021bii mai eficiente&#8221;, av\u00e2nd scopul elabor\u0103rii \u0219i adapt\u0103ri<span class=\"text_exposed_show\">i pentru specificul jude\u021bului Sibiu, a unei metodologii de colaborare \u00eentre Direc\u021bia General\u0103 de Asisten\u021b\u0103 Social\u0103 \u0219i Protec\u021bia Copilului (D.G.A.S.P.C) Sibiu \u0219i Asocia\u021bia &#8222;S.O.S. Satele Copiilor Rom\u00e2nia&#8221;. \u00cen cadrul \u00eent\u00e2lnirilor programate la Media\u0219, Agnita \u0219i Sibiu vor fi definite responsabilit\u0103\u021bile \u0219i modalit\u0103\u021bile de asigurare a comunic\u0103rii \u00eentre cele dou\u0103 niveluri &#8211; local \u0219i jude\u021bean &#8211; \u0219i vor fi detaliate \u0219i clarificate toate aspectele ce impun respectiva colaborare. Concluziile \u0219i recomand\u0103rile acestor \u00eent\u00e2lniri de lucru vor sta la baza elabor\u0103rii metodologiei \u00eentemeiate pe prevederile Anexei nr. 2 a Hot\u0103r\u00e2rii Guvernului nr. 691\/19 august 2015 pentru aprobarea Procedurii de monitorizare a modului de cre\u0219tere \u0219i \u00eengrijire a copilului cu p\u0103rin\u021bi pleca\u021bi la munc\u0103 \u00een str\u0103in\u0103tate \u0219i a serviciilor de care ace\u0219tia pot beneficia. \u00cent\u00e2lnirea de lucru de la Media\u0219 a debutat cu speech-ul de deschidere al asistentului de proiect, Anca Rodean, urmat de prezentarea D.G.A.S.P.C. Sibiu de c\u0103tre directorul adjunct al institu\u021biei, Codru\u021ba Cod\u0103u. Finalul a fost rezervat prezent\u0103rii de spe\u021be \u0219i probleme specifice privind aplicarea HG nr. 691\/2015, fiind avansate propuneri \u0219i solu\u021bii pentru \u00eembun\u0103t\u0103\u021birea colabor\u0103rii dintre DGASPC \u0219i direc\u021biile, respectiv serviciile publice de asisten\u021b\u0103 social\u0103 din cadrul prim\u0103riilor din nordul jude\u021bului Sibiu.\u00a0[youtube https:\/\/www.youtube.com\/watch?v=A9pnLyyX1eo&#038;w=580&#038;h=340]<\/span><\/p>\n","protected":false},"excerpt":{"rendered":"<p>Sala de \u0219edin\u021be a Direc\u021biei de Asisten\u021b\u0103 Social\u0103 Media\u0219, situat\u0103 \u00een strada Aleea Comandor Dimitrie Moraru nr. 11, a fost luni, pe durata a 5 ore, gazda ciclului de \u00eent\u00e2lniri de lucru derulate \u00een cadrul proiectului &#8222;Jude\u021bul Sibiu mai prietenos pentru copii &#8211; autorit\u0103\u021bi locale mai bine echipate, interven\u021bii mai eficiente&#8221;, av\u00e2nd scopul elabor\u0103rii \u0219i adapt\u0103rii pentru specificul jude\u021bului Sibiu, [&hellip;]<\/p>\n","protected":false},"author":1,"featured_media":0,"comment_status":"open","ping_status":"open","sticky":false,"template":"","format":"standard","meta":{"footnotes":""},"categories":[1],"tags":[],"class_list":["post-831","post","type-post","status-publish","format-standard","hentry","category-noutati"],"_links":{"self":[{"href":"https:\/\/dasmedias.ro\/index.php\/wp-json\/wp\/v2\/posts\/831","targetHints":{"allow":["GET"]}}],"collection":[{"href":"https:\/\/dasmedias.ro\/index.php\/wp-json\/wp\/v2\/posts"}],"about":[{"href":"https:\/\/dasmedias.ro\/index.php\/wp-json\/wp\/v2\/types\/post"}],"author":[{"embeddable":true,"href":"https:\/\/dasmedias.ro\/index.php\/wp-json\/wp\/v2\/users\/1"}],"replies":[{"embeddable":true,"href":"https:\/\/dasmedias.ro\/index.php\/wp-json\/wp\/v2\/comments?post=831"}],"version-history":[{"count":0,"href":"https:\/\/dasmedias.ro\/index.php\/wp-json\/wp\/v2\/posts\/831\/revisions"}],"wp:attachment":[{"href":"https:\/\/dasmedias.ro\/index.php\/wp-json\/wp\/v2\/media?parent=831"}],"wp:term":[{"taxonomy":"category","embeddable":true,"href":"https:\/\/dasmedias.ro\/index.php\/wp-json\/wp\/v2\/categories?post=831"},{"taxonomy":"post_tag","embeddable":true,"href":"https:\/\/dasmedias.ro\/index.php\/wp-json\/wp\/v2\/tags?post=831"}],"curies":[{"name":"wp","href":"https:\/\/api.w.org\/{rel}","templated":true}]}}