{"id":812,"date":"2016-04-28T17:10:20","date_gmt":"2016-04-28T04:25:20","guid":{"rendered":"https:\/\/dasmedias.wordpress.com\/?p=812"},"modified":"2016-04-28T17:10:20","modified_gmt":"2016-04-28T04:25:20","slug":"cuplurile-de-aur-si-octogenarii-premiati-de-municipalitate-3","status":"publish","type":"post","link":"https:\/\/dasmedias.ro\/index.php\/2016\/04\/28\/cuplurile-de-aur-si-octogenarii-premiati-de-municipalitate-3\/","title":{"rendered":"Cuplurile de aur \u015fi octogenarii &#8211; premia\u0163i de municipalitate"},"content":{"rendered":"<div id='gallery-1' class='gallery galleryid-812 gallery-columns-3 gallery-size-thumbnail'><figure class='gallery-item'>\n\t\t\t<div class='gallery-icon landscape'>\n\t\t\t\t<a href='https:\/\/dasmedias.ro\/index.php\/2016\/04\/28\/cuplurile-de-aur-si-octogenarii-premiati-de-municipalitate-3\/13100672_620418938124517_6146421680318066011_n\/'><img decoding=\"async\" width=\"150\" height=\"150\" src=\"https:\/\/dasmedias.ro\/wp-content\/uploads\/2016\/04\/13100672_620418938124517_6146421680318066011_n-150x150.jpg\" class=\"attachment-thumbnail size-thumbnail\" alt=\"\" srcset=\"https:\/\/dasmedias.ro\/wp-content\/uploads\/2016\/04\/13100672_620418938124517_6146421680318066011_n-150x150.jpg 150w, https:\/\/dasmedias.ro\/wp-content\/uploads\/2016\/04\/13100672_620418938124517_6146421680318066011_n-300x300.jpg 300w\" sizes=\"(max-width: 150px) 100vw, 150px\" \/><\/a>\n\t\t\t<\/div><\/figure><figure class='gallery-item'>\n\t\t\t<div class='gallery-icon landscape'>\n\t\t\t\t<a href='https:\/\/dasmedias.ro\/index.php\/2016\/04\/28\/cuplurile-de-aur-si-octogenarii-premiati-de-municipalitate-3\/13100784_620420148124396_2281141883231894913_n\/'><img decoding=\"async\" width=\"150\" height=\"150\" src=\"https:\/\/dasmedias.ro\/wp-content\/uploads\/2016\/04\/13100784_620420148124396_2281141883231894913_n-150x150.jpg\" class=\"attachment-thumbnail size-thumbnail\" alt=\"\" srcset=\"https:\/\/dasmedias.ro\/wp-content\/uploads\/2016\/04\/13100784_620420148124396_2281141883231894913_n-150x150.jpg 150w, https:\/\/dasmedias.ro\/wp-content\/uploads\/2016\/04\/13100784_620420148124396_2281141883231894913_n-300x300.jpg 300w\" sizes=\"(max-width: 150px) 100vw, 150px\" \/><\/a>\n\t\t\t<\/div><\/figure><figure class='gallery-item'>\n\t\t\t<div class='gallery-icon landscape'>\n\t\t\t\t<a href='https:\/\/dasmedias.ro\/index.php\/2016\/04\/28\/cuplurile-de-aur-si-octogenarii-premiati-de-municipalitate-3\/13043724_620419121457832_9154500533125901526_n\/'><img decoding=\"async\" width=\"150\" height=\"150\" src=\"https:\/\/dasmedias.ro\/wp-content\/uploads\/2016\/04\/13043724_620419121457832_9154500533125901526_n-150x150.jpg\" class=\"attachment-thumbnail size-thumbnail\" alt=\"\" srcset=\"https:\/\/dasmedias.ro\/wp-content\/uploads\/2016\/04\/13043724_620419121457832_9154500533125901526_n-150x150.jpg 150w, https:\/\/dasmedias.ro\/wp-content\/uploads\/2016\/04\/13043724_620419121457832_9154500533125901526_n-300x300.jpg 300w\" sizes=\"(max-width: 150px) 100vw, 150px\" \/><\/a>\n\t\t\t<\/div><\/figure><figure class='gallery-item'>\n\t\t\t<div class='gallery-icon landscape'>\n\t\t\t\t<a href='https:\/\/dasmedias.ro\/index.php\/2016\/04\/28\/cuplurile-de-aur-si-octogenarii-premiati-de-municipalitate-3\/13043736_620419551457789_7819607236082861965_n\/'><img loading=\"lazy\" decoding=\"async\" width=\"150\" height=\"150\" src=\"https:\/\/dasmedias.ro\/wp-content\/uploads\/2016\/04\/13043736_620419551457789_7819607236082861965_n-150x150.jpg\" class=\"attachment-thumbnail size-thumbnail\" alt=\"\" srcset=\"https:\/\/dasmedias.ro\/wp-content\/uploads\/2016\/04\/13043736_620419551457789_7819607236082861965_n-150x150.jpg 150w, https:\/\/dasmedias.ro\/wp-content\/uploads\/2016\/04\/13043736_620419551457789_7819607236082861965_n-300x300.jpg 300w\" sizes=\"(max-width: 150px) 100vw, 150px\" \/><\/a>\n\t\t\t<\/div><\/figure><figure class='gallery-item'>\n\t\t\t<div class='gallery-icon landscape'>\n\t\t\t\t<a href='https:\/\/dasmedias.ro\/index.php\/2016\/04\/28\/cuplurile-de-aur-si-octogenarii-premiati-de-municipalitate-3\/13043793_620419281457816_5577661277761676617_n\/'><img loading=\"lazy\" decoding=\"async\" width=\"150\" height=\"150\" src=\"https:\/\/dasmedias.ro\/wp-content\/uploads\/2016\/04\/13043793_620419281457816_5577661277761676617_n-150x150.jpg\" class=\"attachment-thumbnail size-thumbnail\" alt=\"\" srcset=\"https:\/\/dasmedias.ro\/wp-content\/uploads\/2016\/04\/13043793_620419281457816_5577661277761676617_n-150x150.jpg 150w, https:\/\/dasmedias.ro\/wp-content\/uploads\/2016\/04\/13043793_620419281457816_5577661277761676617_n-300x300.jpg 300w\" sizes=\"(max-width: 150px) 100vw, 150px\" \/><\/a>\n\t\t\t<\/div><\/figure><figure class='gallery-item'>\n\t\t\t<div class='gallery-icon landscape'>\n\t\t\t\t<a href='https:\/\/dasmedias.ro\/index.php\/2016\/04\/28\/cuplurile-de-aur-si-octogenarii-premiati-de-municipalitate-3\/13043810_620420548124356_2621555897079515274_n\/'><img loading=\"lazy\" decoding=\"async\" width=\"150\" height=\"150\" src=\"https:\/\/dasmedias.ro\/wp-content\/uploads\/2016\/04\/13043810_620420548124356_2621555897079515274_n-150x150.jpg\" class=\"attachment-thumbnail size-thumbnail\" alt=\"\" srcset=\"https:\/\/dasmedias.ro\/wp-content\/uploads\/2016\/04\/13043810_620420548124356_2621555897079515274_n-150x150.jpg 150w, https:\/\/dasmedias.ro\/wp-content\/uploads\/2016\/04\/13043810_620420548124356_2621555897079515274_n-300x300.jpg 300w\" sizes=\"(max-width: 150px) 100vw, 150px\" \/><\/a>\n\t\t\t<\/div><\/figure><figure class='gallery-item'>\n\t\t\t<div class='gallery-icon landscape'>\n\t\t\t\t<a href='https:\/\/dasmedias.ro\/index.php\/2016\/04\/28\/cuplurile-de-aur-si-octogenarii-premiati-de-municipalitate-3\/13062047_620419451457799_4644325577616653856_n\/'><img loading=\"lazy\" decoding=\"async\" width=\"150\" height=\"150\" src=\"https:\/\/dasmedias.ro\/wp-content\/uploads\/2016\/04\/13062047_620419451457799_4644325577616653856_n-150x150.jpg\" class=\"attachment-thumbnail size-thumbnail\" alt=\"\" srcset=\"https:\/\/dasmedias.ro\/wp-content\/uploads\/2016\/04\/13062047_620419451457799_4644325577616653856_n-150x150.jpg 150w, https:\/\/dasmedias.ro\/wp-content\/uploads\/2016\/04\/13062047_620419451457799_4644325577616653856_n-300x300.jpg 300w\" sizes=\"(max-width: 150px) 100vw, 150px\" \/><\/a>\n\t\t\t<\/div><\/figure><figure class='gallery-item'>\n\t\t\t<div class='gallery-icon landscape'>\n\t\t\t\t<a href='https:\/\/dasmedias.ro\/index.php\/2016\/04\/28\/cuplurile-de-aur-si-octogenarii-premiati-de-municipalitate-3\/13062343_620420668124344_1536110254395902903_n\/'><img loading=\"lazy\" decoding=\"async\" width=\"150\" height=\"150\" src=\"https:\/\/dasmedias.ro\/wp-content\/uploads\/2016\/04\/13062343_620420668124344_1536110254395902903_n-150x150.jpg\" class=\"attachment-thumbnail size-thumbnail\" alt=\"\" srcset=\"https:\/\/dasmedias.ro\/wp-content\/uploads\/2016\/04\/13062343_620420668124344_1536110254395902903_n-150x150.jpg 150w, https:\/\/dasmedias.ro\/wp-content\/uploads\/2016\/04\/13062343_620420668124344_1536110254395902903_n-300x300.jpg 300w\" sizes=\"(max-width: 150px) 100vw, 150px\" \/><\/a>\n\t\t\t<\/div><\/figure><figure class='gallery-item'>\n\t\t\t<div class='gallery-icon landscape'>\n\t\t\t\t<a href='https:\/\/dasmedias.ro\/index.php\/2016\/04\/28\/cuplurile-de-aur-si-octogenarii-premiati-de-municipalitate-3\/13076913_620419744791103_1969047445437443945_n\/'><img loading=\"lazy\" decoding=\"async\" width=\"150\" height=\"150\" src=\"https:\/\/dasmedias.ro\/wp-content\/uploads\/2016\/04\/13076913_620419744791103_1969047445437443945_n-150x150.jpg\" class=\"attachment-thumbnail size-thumbnail\" alt=\"\" srcset=\"https:\/\/dasmedias.ro\/wp-content\/uploads\/2016\/04\/13076913_620419744791103_1969047445437443945_n-150x150.jpg 150w, https:\/\/dasmedias.ro\/wp-content\/uploads\/2016\/04\/13076913_620419744791103_1969047445437443945_n-300x300.jpg 300w\" sizes=\"(max-width: 150px) 100vw, 150px\" \/><\/a>\n\t\t\t<\/div><\/figure><figure class='gallery-item'>\n\t\t\t<div class='gallery-icon landscape'>\n\t\t\t\t<a href='https:\/\/dasmedias.ro\/index.php\/2016\/04\/28\/cuplurile-de-aur-si-octogenarii-premiati-de-municipalitate-3\/13076980_620419934791084_468479602777914552_n\/'><img loading=\"lazy\" decoding=\"async\" width=\"150\" height=\"150\" src=\"https:\/\/dasmedias.ro\/wp-content\/uploads\/2016\/04\/13076980_620419934791084_468479602777914552_n-150x150.jpg\" class=\"attachment-thumbnail size-thumbnail\" alt=\"\" srcset=\"https:\/\/dasmedias.ro\/wp-content\/uploads\/2016\/04\/13076980_620419934791084_468479602777914552_n-150x150.jpg 150w, https:\/\/dasmedias.ro\/wp-content\/uploads\/2016\/04\/13076980_620419934791084_468479602777914552_n-300x300.jpg 300w\" sizes=\"(max-width: 150px) 100vw, 150px\" \/><\/a>\n\t\t\t<\/div><\/figure><figure class='gallery-item'>\n\t\t\t<div class='gallery-icon landscape'>\n\t\t\t\t<a href='https:\/\/dasmedias.ro\/index.php\/2016\/04\/28\/cuplurile-de-aur-si-octogenarii-premiati-de-municipalitate-3\/13087390_620420954790982_2118152390477722387_n\/'><img loading=\"lazy\" decoding=\"async\" width=\"150\" height=\"150\" src=\"https:\/\/dasmedias.ro\/wp-content\/uploads\/2016\/04\/13087390_620420954790982_2118152390477722387_n-150x150.jpg\" class=\"attachment-thumbnail size-thumbnail\" alt=\"\" srcset=\"https:\/\/dasmedias.ro\/wp-content\/uploads\/2016\/04\/13087390_620420954790982_2118152390477722387_n-150x150.jpg 150w, https:\/\/dasmedias.ro\/wp-content\/uploads\/2016\/04\/13087390_620420954790982_2118152390477722387_n-300x300.jpg 300w\" sizes=\"(max-width: 150px) 100vw, 150px\" \/><\/a>\n\t\t\t<\/div><\/figure><figure class='gallery-item'>\n\t\t\t<div class='gallery-icon landscape'>\n\t\t\t\t<a href='https:\/\/dasmedias.ro\/index.php\/2016\/04\/28\/cuplurile-de-aur-si-octogenarii-premiati-de-municipalitate-3\/13087547_620420438124367_4915016597504652961_n\/'><img loading=\"lazy\" decoding=\"async\" width=\"150\" height=\"150\" src=\"https:\/\/dasmedias.ro\/wp-content\/uploads\/2016\/04\/13087547_620420438124367_4915016597504652961_n-150x150.jpg\" class=\"attachment-thumbnail size-thumbnail\" alt=\"\" srcset=\"https:\/\/dasmedias.ro\/wp-content\/uploads\/2016\/04\/13087547_620420438124367_4915016597504652961_n-150x150.jpg 150w, https:\/\/dasmedias.ro\/wp-content\/uploads\/2016\/04\/13087547_620420438124367_4915016597504652961_n-300x300.jpg 300w\" sizes=\"(max-width: 150px) 100vw, 150px\" \/><\/a>\n\t\t\t<\/div><\/figure><figure class='gallery-item'>\n\t\t\t<div class='gallery-icon landscape'>\n\t\t\t\t<a href='https:\/\/dasmedias.ro\/index.php\/2016\/04\/28\/cuplurile-de-aur-si-octogenarii-premiati-de-municipalitate-3\/13096352_620420078124403_5034175105078262642_n\/'><img loading=\"lazy\" decoding=\"async\" width=\"150\" height=\"150\" src=\"https:\/\/dasmedias.ro\/wp-content\/uploads\/2016\/04\/13096352_620420078124403_5034175105078262642_n-150x150.jpg\" class=\"attachment-thumbnail size-thumbnail\" alt=\"\" srcset=\"https:\/\/dasmedias.ro\/wp-content\/uploads\/2016\/04\/13096352_620420078124403_5034175105078262642_n-150x150.jpg 150w, https:\/\/dasmedias.ro\/wp-content\/uploads\/2016\/04\/13096352_620420078124403_5034175105078262642_n-300x300.jpg 300w\" sizes=\"(max-width: 150px) 100vw, 150px\" \/><\/a>\n\t\t\t<\/div><\/figure><figure class='gallery-item'>\n\t\t\t<div class='gallery-icon landscape'>\n\t\t\t\t<a href='https:\/\/dasmedias.ro\/index.php\/2016\/04\/28\/cuplurile-de-aur-si-octogenarii-premiati-de-municipalitate-3\/13100672_620418938124517_6146421680318066011_n-2\/'><img loading=\"lazy\" decoding=\"async\" width=\"150\" height=\"150\" src=\"https:\/\/dasmedias.ro\/wp-content\/uploads\/2016\/04\/13100672_620418938124517_6146421680318066011_n1-150x150.jpg\" class=\"attachment-thumbnail size-thumbnail\" alt=\"\" srcset=\"https:\/\/dasmedias.ro\/wp-content\/uploads\/2016\/04\/13100672_620418938124517_6146421680318066011_n1-150x150.jpg 150w, https:\/\/dasmedias.ro\/wp-content\/uploads\/2016\/04\/13100672_620418938124517_6146421680318066011_n1-300x300.jpg 300w\" sizes=\"(max-width: 150px) 100vw, 150px\" \/><\/a>\n\t\t\t<\/div><\/figure><figure class='gallery-item'>\n\t\t\t<div class='gallery-icon landscape'>\n\t\t\t\t<a href='https:\/\/dasmedias.ro\/index.php\/2016\/04\/28\/cuplurile-de-aur-si-octogenarii-premiati-de-municipalitate-3\/13100784_620420148124396_2281141883231894913_n-2\/'><img loading=\"lazy\" decoding=\"async\" width=\"150\" height=\"150\" src=\"https:\/\/dasmedias.ro\/wp-content\/uploads\/2016\/04\/13100784_620420148124396_2281141883231894913_n1-150x150.jpg\" class=\"attachment-thumbnail size-thumbnail\" alt=\"\" srcset=\"https:\/\/dasmedias.ro\/wp-content\/uploads\/2016\/04\/13100784_620420148124396_2281141883231894913_n1-150x150.jpg 150w, https:\/\/dasmedias.ro\/wp-content\/uploads\/2016\/04\/13100784_620420148124396_2281141883231894913_n1-300x300.jpg 300w\" sizes=\"(max-width: 150px) 100vw, 150px\" \/><\/a>\n\t\t\t<\/div><\/figure><figure class='gallery-item'>\n\t\t\t<div class='gallery-icon landscape'>\n\t\t\t\t<a href='https:\/\/dasmedias.ro\/index.php\/2016\/04\/28\/cuplurile-de-aur-si-octogenarii-premiati-de-municipalitate-3\/13103301_620420731457671_8023594115663305016_n\/'><img loading=\"lazy\" decoding=\"async\" width=\"150\" height=\"150\" src=\"https:\/\/dasmedias.ro\/wp-content\/uploads\/2016\/04\/13103301_620420731457671_8023594115663305016_n-150x150.jpg\" class=\"attachment-thumbnail size-thumbnail\" alt=\"\" srcset=\"https:\/\/dasmedias.ro\/wp-content\/uploads\/2016\/04\/13103301_620420731457671_8023594115663305016_n-150x150.jpg 150w, https:\/\/dasmedias.ro\/wp-content\/uploads\/2016\/04\/13103301_620420731457671_8023594115663305016_n-300x300.jpg 300w\" sizes=\"(max-width: 150px) 100vw, 150px\" \/><\/a>\n\t\t\t<\/div><\/figure><figure class='gallery-item'>\n\t\t\t<div class='gallery-icon landscape'>\n\t\t\t\t<a href='https:\/\/dasmedias.ro\/index.php\/2016\/04\/28\/cuplurile-de-aur-si-octogenarii-premiati-de-municipalitate-3\/13118919_620420854790992_8070468104581439661_n\/'><img loading=\"lazy\" decoding=\"async\" width=\"150\" height=\"150\" src=\"https:\/\/dasmedias.ro\/wp-content\/uploads\/2016\/04\/13118919_620420854790992_8070468104581439661_n-150x150.jpg\" class=\"attachment-thumbnail size-thumbnail\" alt=\"\" srcset=\"https:\/\/dasmedias.ro\/wp-content\/uploads\/2016\/04\/13118919_620420854790992_8070468104581439661_n-150x150.jpg 150w, https:\/\/dasmedias.ro\/wp-content\/uploads\/2016\/04\/13118919_620420854790992_8070468104581439661_n-300x300.jpg 300w\" sizes=\"(max-width: 150px) 100vw, 150px\" \/><\/a>\n\t\t\t<\/div><\/figure>\n\t\t<\/div>\n\n<p>Pentru al optulea an consecutiv, municipalitatea medie\u0219ean\u0103, la propunerea reprezentan\u021bilor Direc\u021biei de Asisten\u021b\u0103 Social\u0103, a procedat (mar\u021bi de la ora 10, la Casa C\u0103s\u0103toriilor) la omagierea cuplurilor care au aniversat (\u00een prima parte a acestui an) o jum\u0103tate de veac de la celebrarea c\u0103s\u0103toriei. Astfel, un num\u0103r de 38 de cupluri au fost recompensate cu diplome de excelen\u021b\u0103 \u0219i suma de 600 lei, evenimentul debut\u00e2nd (<span class=\"text_exposed_show\">pe acordurile &#8222;Mar\u0219ului nup\u021bial&#8221; al lui Felix Mendelssohn Bartholdy) cu o re-c\u0103s\u0103torire simbolic\u0103 a cuplului Albu Andronic \u0219i Olivia. Dou\u0103 ore mai t\u00e2rziu, \u00een Sala &#8222;Daniel Thellmann&#8221; a Prim\u0103riei Media\u0219 a avut loc festivitatea de premiere a celor 134 de persoane care au \u00eemplinit (p\u00e2n\u0103 la data de 30 aprilie 2016) 80 de ani de via\u021b\u0103. Recompensa octogenarilor a constat tot \u00een acordarea diplomelor de excelen\u021b\u0103 \u0219i respectiv a sumei de 400 lei.<\/span>[youtube https:\/\/www.youtube.com\/watch?v=sK6IPrUsOzc&#038;w=580&#038;h=340]<\/p>\n","protected":false},"excerpt":{"rendered":"<p>Pentru al optulea an consecutiv, municipalitatea medie\u0219ean\u0103, la propunerea reprezentan\u021bilor Direc\u021biei de Asisten\u021b\u0103 Social\u0103, a procedat (mar\u021bi de la ora 10, la Casa C\u0103s\u0103toriilor) la omagierea cuplurilor care au aniversat (\u00een prima parte a acestui an) o jum\u0103tate de veac de la celebrarea c\u0103s\u0103toriei. Astfel, un num\u0103r de 38 de cupluri au fost recompensate cu diplome de excelen\u021b\u0103 \u0219i suma [&hellip;]<\/p>\n","protected":false},"author":1,"featured_media":0,"comment_status":"open","ping_status":"open","sticky":false,"template":"","format":"standard","meta":{"footnotes":""},"categories":[1],"tags":[],"class_list":["post-812","post","type-post","status-publish","format-standard","hentry","category-noutati"],"_links":{"self":[{"href":"https:\/\/dasmedias.ro\/index.php\/wp-json\/wp\/v2\/posts\/812","targetHints":{"allow":["GET"]}}],"collection":[{"href":"https:\/\/dasmedias.ro\/index.php\/wp-json\/wp\/v2\/posts"}],"about":[{"href":"https:\/\/dasmedias.ro\/index.php\/wp-json\/wp\/v2\/types\/post"}],"author":[{"embeddable":true,"href":"https:\/\/dasmedias.ro\/index.php\/wp-json\/wp\/v2\/users\/1"}],"replies":[{"embeddable":true,"href":"https:\/\/dasmedias.ro\/index.php\/wp-json\/wp\/v2\/comments?post=812"}],"version-history":[{"count":0,"href":"https:\/\/dasmedias.ro\/index.php\/wp-json\/wp\/v2\/posts\/812\/revisions"}],"wp:attachment":[{"href":"https:\/\/dasmedias.ro\/index.php\/wp-json\/wp\/v2\/media?parent=812"}],"wp:term":[{"taxonomy":"category","embeddable":true,"href":"https:\/\/dasmedias.ro\/index.php\/wp-json\/wp\/v2\/categories?post=812"},{"taxonomy":"post_tag","embeddable":true,"href":"https:\/\/dasmedias.ro\/index.php\/wp-json\/wp\/v2\/tags?post=812"}],"curies":[{"name":"wp","href":"https:\/\/api.w.org\/{rel}","templated":true}]}}