{"id":779,"date":"2016-03-10T18:45:08","date_gmt":"2016-03-10T06:00:08","guid":{"rendered":"https:\/\/dasmedias.wordpress.com\/?p=779"},"modified":"2016-03-10T18:45:08","modified_gmt":"2016-03-10T06:00:08","slug":"precizari-de-la-d-g-a-s-p-c-sibiu-privind-obtinerea-certificatului-de-incadrare-intr-un-grad-de-handicap-pentru-copii","status":"publish","type":"post","link":"https:\/\/dasmedias.ro\/index.php\/2016\/03\/10\/precizari-de-la-d-g-a-s-p-c-sibiu-privind-obtinerea-certificatului-de-incadrare-intr-un-grad-de-handicap-pentru-copii\/","title":{"rendered":"Preciz\u0103ri de la D.G.A.S.P.C Sibiu privind ob\u0163inerea certificatului de \u00eencadrare \u00eentr-un grad de handicap pentru copii"},"content":{"rendered":"<p><a href=\"https:\/\/dasmedias.wordpress.com\/2016\/03\/10\/precizari-de-la-d-g-a-s-p-c-sibiu-privind-obtinerea-certificatului-de-incadrare-intr-un-grad-de-handicap-pentru-copii\/6-2\/\" rel=\"attachment wp-att-780\"><img decoding=\"async\" class=\"aligncenter size-medium wp-image-780\" src=\"https:\/\/dasmedias.ro\/wp-content\/uploads\/2016\/03\/6.jpg?w=300\" alt=\"6\" width=\"300\" height=\"86\" srcset=\"https:\/\/dasmedias.ro\/wp-content\/uploads\/2016\/03\/6.jpg 708w, https:\/\/dasmedias.ro\/wp-content\/uploads\/2016\/03\/6-300x86.jpg 300w\" sizes=\"(max-width: 300px) 100vw, 300px\" \/><\/a>Direc\u0163ia General\u0103 de Asisten\u0163\u0103 Social\u0103 \u015fi Protec\u0163ia Copilului (D.G.A.S.P.C) Sibiu informeaz\u0103 persoanele interesate c\u0103 programul de depunere a dosarului complet \u00een vederea ob\u0163inerii unui certificat de \u00eencadrare \u00eentr-un grad de handicap al copilului este LUNI, MAR\u0162I \u015fi JOI \u00eentre orele 9-13, iar cel de ridicare a rezultatului Comisiei pentru Protec\u0163ia Copilului <span class=\"text_exposed_show\">Sibiu este JOI \u00eentre orele 9-13. Depunerea dosarului complet \u00een vederea reevalu\u0103rii se face cu 30 de zile \u00eenaintea expir\u0103rii valabilit\u0103\u0163ii certificatului de \u00eencadrare \u00een grad de handicap al copilului. Actele\/documentele care sunt parte integrant\u0103 din dosar \u015fi emise\/\u00eentocmite de institu\u0163iile publice sau private trebuie s\u0103 con\u0163in\u0103 \u015fi num\u0103rul de \u00eenregistrare;data emiterii actului;\u015ftampila unit\u0103\u0163ii;\u015ftampila\/parafa speciali\u015ftilor, dup\u0103 caz;semn\u0103tura speciali\u015ftilor, dup\u0103 caz. Copilul deplasabil, se va prezenta, \u00een mod obligatoriu la reevaluarea\/evaluarea complex\u0103 \u00een vederea ob\u0163inerii unui certificat de \u00eencadrare \u00eentr-un grad de handicap, \u00eenso\u0163it de p\u0103rinte\/reprezentantul legal. Actele\/documentele necesare \u00eentocmirii dosarului precum \u015fi alte informa\u0163ii suplimentare pot fi ob\u0163inute acces\u00e2nd http:\/\/www.dasib.ro\/acte.php<\/span><\/p>\n","protected":false},"excerpt":{"rendered":"<p>Direc\u0163ia General\u0103 de Asisten\u0163\u0103 Social\u0103 \u015fi Protec\u0163ia Copilului (D.G.A.S.P.C) Sibiu informeaz\u0103 persoanele interesate c\u0103 programul de depunere a dosarului complet \u00een vederea ob\u0163inerii unui certificat de \u00eencadrare \u00eentr-un grad de handicap al copilului este LUNI, MAR\u0162I \u015fi JOI \u00eentre orele 9-13, iar cel de ridicare a rezultatului Comisiei pentru Protec\u0163ia Copilului Sibiu este JOI \u00eentre orele 9-13. Depunerea dosarului complet [&hellip;]<\/p>\n","protected":false},"author":1,"featured_media":0,"comment_status":"open","ping_status":"open","sticky":false,"template":"","format":"standard","meta":{"footnotes":""},"categories":[1],"tags":[],"class_list":["post-779","post","type-post","status-publish","format-standard","hentry","category-noutati"],"_links":{"self":[{"href":"https:\/\/dasmedias.ro\/index.php\/wp-json\/wp\/v2\/posts\/779","targetHints":{"allow":["GET"]}}],"collection":[{"href":"https:\/\/dasmedias.ro\/index.php\/wp-json\/wp\/v2\/posts"}],"about":[{"href":"https:\/\/dasmedias.ro\/index.php\/wp-json\/wp\/v2\/types\/post"}],"author":[{"embeddable":true,"href":"https:\/\/dasmedias.ro\/index.php\/wp-json\/wp\/v2\/users\/1"}],"replies":[{"embeddable":true,"href":"https:\/\/dasmedias.ro\/index.php\/wp-json\/wp\/v2\/comments?post=779"}],"version-history":[{"count":0,"href":"https:\/\/dasmedias.ro\/index.php\/wp-json\/wp\/v2\/posts\/779\/revisions"}],"wp:attachment":[{"href":"https:\/\/dasmedias.ro\/index.php\/wp-json\/wp\/v2\/media?parent=779"}],"wp:term":[{"taxonomy":"category","embeddable":true,"href":"https:\/\/dasmedias.ro\/index.php\/wp-json\/wp\/v2\/categories?post=779"},{"taxonomy":"post_tag","embeddable":true,"href":"https:\/\/dasmedias.ro\/index.php\/wp-json\/wp\/v2\/tags?post=779"}],"curies":[{"name":"wp","href":"https:\/\/api.w.org\/{rel}","templated":true}]}}