{"id":756,"date":"2016-02-01T21:38:59","date_gmt":"2016-02-01T08:53:59","guid":{"rendered":"https:\/\/dasmedias.wordpress.com\/?p=756"},"modified":"2016-02-01T21:38:59","modified_gmt":"2016-02-01T08:53:59","slug":"756","status":"publish","type":"post","link":"https:\/\/dasmedias.ro\/index.php\/2016\/02\/01\/756\/","title":{"rendered":"Timp de dou\u0103 s\u0103pt\u0103m\u00e2ni, D.A.S. Media\u015f va prelua cereri \u00een vederea acord\u0103rii ajutoarelor alimentare"},"content":{"rendered":"<p><a href=\"https:\/\/dasmedias.wordpress.com\/2016\/02\/01\/756\/cerere-alimente\/\" rel=\"attachment wp-att-757\">CERERE alimente<\/a>\u00a0(poate fi desc\u0103rcat\u0103, printat\u0103, completat\u0103 \u015fi prezentat\u0103 la ghi\u015feu)<\/p>\n<p><a href=\"https:\/\/dasmedias.wordpress.com\/2016\/02\/01\/756\/poad\/\" rel=\"attachment wp-att-761\"><img fetchpriority=\"high\" decoding=\"async\" class=\"aligncenter size-medium wp-image-761\" src=\"https:\/\/dasmedias.ro\/wp-content\/uploads\/2016\/02\/poad.jpg?w=300\" alt=\"poad\" width=\"300\" height=\"225\" srcset=\"https:\/\/dasmedias.ro\/wp-content\/uploads\/2016\/02\/poad.jpg 960w, https:\/\/dasmedias.ro\/wp-content\/uploads\/2016\/02\/poad-300x225.jpg 300w, https:\/\/dasmedias.ro\/wp-content\/uploads\/2016\/02\/poad-768x576.jpg 768w\" sizes=\"(max-width: 300px) 100vw, 300px\" \/><\/a>Persoanele f\u0103r\u0103 venituri sau ale c\u0103ror venituri nete lunare realizate sunt de p\u00e2n\u0103 la 450 lei\/lun\u0103\/persoan\u0103, inclusiv, \u015fi \u00a0<strong>NU se \u00eencadreaz\u0103<\/strong> \u00een niciuna dintre categoriile prev\u0103zute de HG 799\/2014 art. 3 lit. a &#8211; lit. g (categorii prezentate \u00een <strong>Anex\u0103<\/strong> ),\u00a0 au posibilitatea de a depune la sediul Direc\u021biei de Asisten\u021b\u0103 Social\u0103 Media\u0219, str. Aurel Vlaicu nr. 33 (fosta Avia\u021bie)\u00a0 o cerere \u00een scris prin care s\u0103 solicite \u00eenscrierea pe lista de beneficiari de produse alimentare prin programul POAD 2015\/2016, \u00eenso\u021bit\u0103 de acte doveditoare, dup\u0103 cum urmeaz\u0103:<\/p>\n<p>&nbsp;<\/p>\n<ul>\n<li>cerere tip se ridic\u0103 de la sediul DAS men\u021bionat mai sus ;<\/li>\n<li>copii ale actelor de identitate pentru to\u021bi membrii familiei ;<\/li>\n<li>adeverin\u021be de venit pentru to\u021bi membrii adul\u021bi ai familiei \u0219i acte care atest\u0103 drepturile b\u0103ne\u0219ti ale copiilor (cupoane de aloca\u021bii, burse, etc.) pentru luna anterioar\u0103 depunerii cererii .<\/li>\n<\/ul>\n<p>Persoanelor care vor depune o solicitare pentru \u00eenscrierea pe listele beneficiarilor de alimente li se vor \u00eentocmi anchete sociale care s\u0103 confirme dac\u0103 informa\u021biile furnizate \u00een solicitare \u0219i actele anexate sunt conforme cu realitatea.<\/p>\n<p>Perioada de depunere a cererilor este 02.02.2016 \u2013 16.02.2016, \u00een fiecare zi \u00eentre orele 8-12.<\/p>\n<p>Data demar\u0103rii ac\u021biunii de distribuire a alimentelor prin programul POAD 2015\/2016 va fi comunicat\u0103 \u00een timp util, at\u00e2t pe site-urile institu\u021biei noastre \u0219i a Prim\u0103riei Municipiului Media\u0219,\u00a0c\u00e2t \u0219i \u00een mass-media local\u0103.<\/p>\n<p><strong><u>A N E X \u0102<\/u><\/strong><\/p>\n<p><strong>HOT\u0102R\u00c2RE nr. 799 din 17 septembrie 2014 (*actualizat\u0103*)<\/strong><\/p>\n<p>privind implementarea Programului opera\u0163ional Ajutorarea persoanelor defavorizate<br \/>\n\u201d\u2003ART. 3<br \/>\n(1) Categoriile de persoane cele mai defavorizate care beneficiaz\u0103 de ajutoare alimentare distribuite \u00een cadrul POAD \u015fi care au calitatea de destinatari finali \u00een conformitate cu prevederile <a href=\"http:\/\/www.legisplus.eu\/Intralegis6\/oficiale\/afis.php?f=170623&amp;datavig=2016-01-26&amp;datav=2016-01-26&amp;dataact=&amp;showLM=&amp;modBefore=\">Regulamentului (UE) nr. 223\/2014<\/a> sunt:<br \/>\na) <u>familiile \u015fi persoanele singure<\/u> c\u0103rora le este stabilit, prin dispozi\u0163ie scris\u0103 a primarului, dreptul la un <u>venit minim garantat<\/u> acordat \u00een baza Legii nr. 416\/2001 privind venitul minim garantat, cu modific\u0103rile \u015fi complet\u0103rile ulterioare;<br \/>\nb) <u>familiile beneficiare de aloca\u0163ie pentru sus\u0163inerea familiei<\/u> acordat\u0103 \u00een baza Legii nr. 277\/2010 privind aloca\u0163ia pentru sus\u0163inerea familiei, republicat\u0103, cu modific\u0103rile \u015fi complet\u0103rile ulterioare;<br \/>\nc) <u>\u015fomerii<\/u> care beneficiaz\u0103 \u00een condi\u0163iile Legii nr. 76\/2002 privind sistemul asigur\u0103rilor pentru \u015fomaj \u015fi stimularea ocup\u0103rii for\u0163ei de munc\u0103, cu modific\u0103rile \u015fi complet\u0103rile ulterioare, de indemniza\u0163ie de \u015fomaj \u00een cuantum lunar stabilit conform prevederilor legale de p\u00e2n\u0103 la 450 lei, inclusiv, \u015fi \u015fomerii \u00eenregistra\u0163i la agen\u0163iile pentru ocuparea for\u0163ei de munc\u0103 jude\u0163ene sau a municipiului Bucure\u015fti care nu beneficiaz\u0103 de indemniza\u0163ie de \u015fomaj \u00een condi\u0163iile Legii nr. 76\/2002, cu modific\u0103rile \u015fi complet\u0103rile ulterioare;<br \/>\nd<u>) pensionarii<\/u> sistemului public de pensii ale c\u0103ror drepturi, ob\u0163inute din pensie sau, dup\u0103 caz, din pensii cumulate, sunt de p\u00e2n\u0103 la 450 lei\/lun\u0103 inclusiv;<br \/>\ne) <u>pensionarii<\/u> sistemului public de pensii, beneficiari ai indemniza\u0163iei sociale pentru pensionari, acordat\u0103 potrivit Ordonan\u0163ei de urgen\u0163\u0103 a Guvernului nr. 6\/2009 privind instituirea pensiei sociale minime garantate, aprobat\u0103 prin Legea nr. 196\/2009, al c\u0103ror venit este de p\u00e2n\u0103 la 450 lei\/lun\u0103 inclusiv;<br \/>\nf) persoanele beneficiare ale prevederilor Legii nr. 49\/1991 privind acordarea de indemniza\u0163ii \u015fi sporuri invalizilor, veteranilor \u015fi v\u0103duvelor de r\u0103zboi, cu modific\u0103rile \u015fi complet\u0103rile ulterioare, Legii nr. 44\/1994 privind veteranii de r\u0103zboi, precum \u015fi unele drepturi ale invalizilor \u015fi v\u0103duvelor de r\u0103zboi, republicat\u0103, cu modific\u0103rile \u015fi complet\u0103rile ulterioare, Legii nr. 49\/1999 privind pensiile I.O.V.R.,\u00a0 Legii nr. 309\/2002 privind recunoa\u015fterea \u015fi acordarea unor drepturi persoanelor care au efectuat stagiul militar \u00een cadrul Direc\u0163iei Generale a Serviciului Muncii \u00een perioada 1950-1961, Decretului-lege nr. 118\/1990 privind acordarea unor drepturi persoanelor persecutate din motive politice de dictatura instaurat\u0103 cu \u00eencepere de la 6 martie 1945, precum \u015fi celor deportate \u00een str\u0103in\u0103tate ori constituite \u00een prizonieri, republicat, cu modific\u0103rile \u015fi complet\u0103rile ulterioare, Ordonan\u0163ei Guvernului nr. 105\/1999 privind acordarea unor drepturi persoanelor persecutate de c\u0103tre regimurile instaurate \u00een Rom\u00e2nia cu \u00eencepere de la 6 septembrie 1940 p\u00e2n\u0103 la 6 martie 1945 din motive etnice, aprobat\u0103 cu modific\u0103ri \u015fi complet\u0103ri prin Legea nr. 189\/2000, cu modific\u0103rile \u015fi complet\u0103rile ulterioare, Legii recuno\u015ftin\u0163ei pentru victoria Revolu\u0163iei Rom\u00e2ne din Decembrie 1989 \u015fi pentru revolta muncitoreasc\u0103 anticomunist\u0103 de la Bra\u015fov din noiembrie 1987 nr. 341\/2004, cu modific\u0103rile \u015fi complet\u0103rile ulterioare, Legii nr. 109\/2005 privind instituirea indemniza\u0163iei pentru activitatea de liber-profesionist a arti\u015ftilor interpre\u0163i sau executan\u0163i din Rom\u00e2nia, republicat\u0103, Legii nr. 8\/2006 privind instituirea indemniza\u0163iei pentru pensionarii sistemului public de pensii, membri ai uniunilor de creatori legal constituite \u015fi recunoscute ca persoane juridice de utilitate public\u0103, cu modific\u0103rile \u015fi complet\u0103rile ulterioare, Legii nr. 578\/2004 privind acordarea unui ajutor lunar pentru so\u0163ul supravie\u0163uitor, cu modific\u0103rile ulterioare, dac\u0103 nu realizeaz\u0103 alte venituri \u00een afar\u0103 de cele provenite din drepturile b\u0103ne\u015fti acordate de aceste legi, ale c\u0103ror cuantum cumulat este de p\u00e2n\u0103 la 450 lei\/lun\u0103 inclusiv;<br \/>\ng) <u>persoanele cu handicap grav \u015fi accentuat<\/u>, adul\u0163i \u015fi copii, care nu beneficiaz\u0103 de \u00eengrijire \u00een servicii sociale \u00een regim reziden\u0163ial, publice sau private.\u00a0 \u201d<br \/>\n<strong><u>ATEN\u021aIE !<\/u><\/strong><\/p>\n<p>Persoanele care se \u00eencadreaz\u0103 \u00eentr-una din categoriile de mai sus <strong>NU <\/strong>trebuie s\u0103 depun\u0103 cerere.<\/p>\n","protected":false},"excerpt":{"rendered":"<p>CERERE alimente\u00a0(poate fi desc\u0103rcat\u0103, printat\u0103, completat\u0103 \u015fi prezentat\u0103 la ghi\u015feu) Persoanele f\u0103r\u0103 venituri sau ale c\u0103ror venituri nete lunare realizate sunt de p\u00e2n\u0103 la 450 lei\/lun\u0103\/persoan\u0103, inclusiv, \u015fi \u00a0NU se \u00eencadreaz\u0103 \u00een niciuna dintre categoriile prev\u0103zute de HG 799\/2014 art. 3 lit. a &#8211; lit. g (categorii prezentate \u00een Anex\u0103 ),\u00a0 au posibilitatea de a depune la sediul Direc\u021biei de [&hellip;]<\/p>\n","protected":false},"author":1,"featured_media":0,"comment_status":"open","ping_status":"open","sticky":false,"template":"","format":"standard","meta":{"footnotes":""},"categories":[1],"tags":[],"class_list":["post-756","post","type-post","status-publish","format-standard","hentry","category-noutati"],"_links":{"self":[{"href":"https:\/\/dasmedias.ro\/index.php\/wp-json\/wp\/v2\/posts\/756","targetHints":{"allow":["GET"]}}],"collection":[{"href":"https:\/\/dasmedias.ro\/index.php\/wp-json\/wp\/v2\/posts"}],"about":[{"href":"https:\/\/dasmedias.ro\/index.php\/wp-json\/wp\/v2\/types\/post"}],"author":[{"embeddable":true,"href":"https:\/\/dasmedias.ro\/index.php\/wp-json\/wp\/v2\/users\/1"}],"replies":[{"embeddable":true,"href":"https:\/\/dasmedias.ro\/index.php\/wp-json\/wp\/v2\/comments?post=756"}],"version-history":[{"count":0,"href":"https:\/\/dasmedias.ro\/index.php\/wp-json\/wp\/v2\/posts\/756\/revisions"}],"wp:attachment":[{"href":"https:\/\/dasmedias.ro\/index.php\/wp-json\/wp\/v2\/media?parent=756"}],"wp:term":[{"taxonomy":"category","embeddable":true,"href":"https:\/\/dasmedias.ro\/index.php\/wp-json\/wp\/v2\/categories?post=756"},{"taxonomy":"post_tag","embeddable":true,"href":"https:\/\/dasmedias.ro\/index.php\/wp-json\/wp\/v2\/tags?post=756"}],"curies":[{"name":"wp","href":"https:\/\/api.w.org\/{rel}","templated":true}]}}