{"id":752,"date":"2016-01-29T05:30:43","date_gmt":"2016-01-28T16:45:43","guid":{"rendered":"https:\/\/dasmedias.wordpress.com\/?p=752"},"modified":"2016-01-29T05:30:43","modified_gmt":"2016-01-28T16:45:43","slug":"campania-si-tu-poti-sa-adopti-a-poposit-la-medias","status":"publish","type":"post","link":"https:\/\/dasmedias.ro\/index.php\/2016\/01\/29\/campania-si-tu-poti-sa-adopti-a-poposit-la-medias\/","title":{"rendered":"Campania &#8222;\u0218i tu po\u021bi s\u0103 adop\u021bi&#8221;, a &#8222;poposit&#8221; la Media\u0219"},"content":{"rendered":"<p><a href=\"https:\/\/dasmedias.wordpress.com\/2016\/01\/29\/campania-si-tu-poti-sa-adopti-a-poposit-la-medias\/adoptie\/\" rel=\"attachment wp-att-753\"><img fetchpriority=\"high\" decoding=\"async\" class=\"aligncenter size-medium wp-image-753\" src=\"https:\/\/dasmedias.ro\/wp-content\/uploads\/2016\/01\/adoptie.jpg?w=300\" alt=\"ADOPTIE\" width=\"300\" height=\"169\" srcset=\"https:\/\/dasmedias.ro\/wp-content\/uploads\/2016\/01\/adoptie.jpg 640w, https:\/\/dasmedias.ro\/wp-content\/uploads\/2016\/01\/adoptie-300x169.jpg 300w\" sizes=\"(max-width: 300px) 100vw, 300px\" \/><\/a>Sala &#8222;Daniel Thellmann&#8221; din Media\u0219 a g\u0103zduit, joi la pr\u00e2nz, o campanie de informare inedit\u0103 pentru municipiul de T\u00e2rnava Mare, organizat\u0103 de Direc\u021bia General\u0103 de Asisten\u021b\u0103 Social\u0103 \u0219i Protec\u021bia Copilului (DGASPC) Sibiu, sub titulatura &#8222;\u0218i tu po\u021bi s\u0103 adop\u021bi&#8221;. Ac\u021biunea, ce se va derula pe parcursul a trei luni, \u00een mai multe localit\u0103\u021bi din jude\u021bul Sibiu, este una menit\u0103 a veni \u00een sprijinul persoanelor \u0219i familiilor interesate<span class=\"text_exposed_show\"> s\u0103 adopte copii, \u00een condi\u021biile \u00een care s-a constatat faptul c\u0103 exist\u0103 o insufient\u0103 mediatizare a respectivului act juridic. Dou\u0103 dintre angajatele Biroului de adop\u021bii \u0219i postadop\u021bii din cadrul DGASPC Sibiu au explicat asisten\u021bei care sunt etapele, condi\u021biile \u0219i eligibilitatea necesare adopt\u0103rii unui copil. \u00cen momentul de fa\u021b\u0103, la nivelului jude\u021bului Sibiu sunt atestate doar 19 persoane singure sau familii interesate de adop\u021bie, \u00een condi\u021biile \u00een care exist\u0103 150 copii adoptabili. Num\u0103rul anual al adop\u021biilor este \u0219i el unul foarte redus, mai exact 18 \u00een anul 2014 \u0219i 16 \u00een anul 2015. Acest &#8222;fenomen&#8221; este datorat, pe de o parte, faptului c\u0103 adop\u021biile se fac, dup\u0103 o riguroas\u0103 selec\u021bie, de c\u0103tre autoritatea na\u021bional\u0103 \u00een materie, iar pe de alt\u0103 parte pentru c\u0103 sunt &#8222;dori\u021bi&#8221; spre adop\u021bie doar copii cu v\u00e2rsta cuprins\u0103 \u00eentre 0 \u0219i 2 ani. Marele neajuns legislativ const\u0103 \u00een faptul c\u0103 un copil abandonat la na\u0219tere, \u00een spital, nu este adoptabil dec\u00e2t dup\u0103 \u00eemplinirea v\u00e2rstei de un an, interval \u00een care acesta s\u0103 nu fi fost vizitat niciodat\u0103 de c\u0103tre p\u0103rin\u021bii biologici.\u00a0[youtube https:\/\/www.youtube.com\/watch?v=JMMm_TDjUKU&amp;w=580&amp;h=340]<\/span><\/p>\n","protected":false},"excerpt":{"rendered":"<p>Sala &#8222;Daniel Thellmann&#8221; din Media\u0219 a g\u0103zduit, joi la pr\u00e2nz, o campanie de informare inedit\u0103 pentru municipiul de T\u00e2rnava Mare, organizat\u0103 de Direc\u021bia General\u0103 de Asisten\u021b\u0103 Social\u0103 \u0219i Protec\u021bia Copilului (DGASPC) Sibiu, sub titulatura &#8222;\u0218i tu po\u021bi s\u0103 adop\u021bi&#8221;. Ac\u021biunea, ce se va derula pe parcursul a trei luni, \u00een mai multe localit\u0103\u021bi din jude\u021bul Sibiu, este una menit\u0103 a [&hellip;]<\/p>\n","protected":false},"author":1,"featured_media":0,"comment_status":"open","ping_status":"open","sticky":false,"template":"","format":"standard","meta":{"footnotes":""},"categories":[1],"tags":[],"class_list":["post-752","post","type-post","status-publish","format-standard","hentry","category-noutati"],"_links":{"self":[{"href":"https:\/\/dasmedias.ro\/index.php\/wp-json\/wp\/v2\/posts\/752","targetHints":{"allow":["GET"]}}],"collection":[{"href":"https:\/\/dasmedias.ro\/index.php\/wp-json\/wp\/v2\/posts"}],"about":[{"href":"https:\/\/dasmedias.ro\/index.php\/wp-json\/wp\/v2\/types\/post"}],"author":[{"embeddable":true,"href":"https:\/\/dasmedias.ro\/index.php\/wp-json\/wp\/v2\/users\/1"}],"replies":[{"embeddable":true,"href":"https:\/\/dasmedias.ro\/index.php\/wp-json\/wp\/v2\/comments?post=752"}],"version-history":[{"count":0,"href":"https:\/\/dasmedias.ro\/index.php\/wp-json\/wp\/v2\/posts\/752\/revisions"}],"wp:attachment":[{"href":"https:\/\/dasmedias.ro\/index.php\/wp-json\/wp\/v2\/media?parent=752"}],"wp:term":[{"taxonomy":"category","embeddable":true,"href":"https:\/\/dasmedias.ro\/index.php\/wp-json\/wp\/v2\/categories?post=752"},{"taxonomy":"post_tag","embeddable":true,"href":"https:\/\/dasmedias.ro\/index.php\/wp-json\/wp\/v2\/tags?post=752"}],"curies":[{"name":"wp","href":"https:\/\/api.w.org\/{rel}","templated":true}]}}