{"id":713,"date":"2015-11-18T23:28:25","date_gmt":"2015-11-18T10:43:25","guid":{"rendered":"https:\/\/dasmedias.wordpress.com\/?p=713"},"modified":"2015-11-18T23:28:25","modified_gmt":"2015-11-18T10:43:25","slug":"serbarile-normalitatii-la-medias","status":"publish","type":"post","link":"https:\/\/dasmedias.ro\/index.php\/2015\/11\/18\/serbarile-normalitatii-la-medias\/","title":{"rendered":"&#8222;Serb\u0103rile normalit\u0103\u0163ii&#8221;, la Media\u015f"},"content":{"rendered":"<div id='gallery-1' class='gallery galleryid-713 gallery-columns-3 gallery-size-medium'><figure class='gallery-item'>\n\t\t\t<div class='gallery-icon portrait'>\n\t\t\t\t<a href='https:\/\/dasmedias.ro\/index.php\/2015\/11\/18\/serbarile-normalitatii-la-medias\/11254153_553951591437919_2901058935714391643_n\/'><img fetchpriority=\"high\" decoding=\"async\" width=\"225\" height=\"300\" src=\"https:\/\/dasmedias.ro\/wp-content\/uploads\/2015\/11\/11254153_553951591437919_2901058935714391643_n-225x300.jpg\" class=\"attachment-medium size-medium\" alt=\"\" srcset=\"https:\/\/dasmedias.ro\/wp-content\/uploads\/2015\/11\/11254153_553951591437919_2901058935714391643_n-225x300.jpg 225w, https:\/\/dasmedias.ro\/wp-content\/uploads\/2015\/11\/11254153_553951591437919_2901058935714391643_n.jpg 720w\" sizes=\"(max-width: 225px) 100vw, 225px\" \/><\/a>\n\t\t\t<\/div><\/figure><figure class='gallery-item'>\n\t\t\t<div class='gallery-icon portrait'>\n\t\t\t\t<a href='https:\/\/dasmedias.ro\/index.php\/2015\/11\/18\/serbarile-normalitatii-la-medias\/12241373_553951424771269_1215294310083237181_n\/'><img decoding=\"async\" width=\"225\" height=\"300\" src=\"https:\/\/dasmedias.ro\/wp-content\/uploads\/2015\/11\/12241373_553951424771269_1215294310083237181_n-225x300.jpg\" class=\"attachment-medium size-medium\" alt=\"\" srcset=\"https:\/\/dasmedias.ro\/wp-content\/uploads\/2015\/11\/12241373_553951424771269_1215294310083237181_n-225x300.jpg 225w, https:\/\/dasmedias.ro\/wp-content\/uploads\/2015\/11\/12241373_553951424771269_1215294310083237181_n.jpg 720w\" sizes=\"(max-width: 225px) 100vw, 225px\" \/><\/a>\n\t\t\t<\/div><\/figure>\n\t\t<\/div>\n\n<p>Reprezentan\u0163ii Direc\u0163iei de Asisten\u0163\u0103 Social\u0103 Media\u015f au participat, s\u00e2mb\u0103t\u0103 la pr\u00e2nz, la seria de dezbateri &#8222;Serb\u0103rile Normalit\u0103\u0163ii &#8211; celebrarea unei normalit\u0103\u0163i care exclude \u015fi condamn\u0103 violen\u0163a domestic\u0103, traficul de parsoane \u015fi lipsa egalit\u0103\u0163ii de \u015fanse&#8221;, ce s-a desf\u0103\u015furat la Casa de Cultur\u0103 a Sindicatelor. Pe parcursul a circa dou\u0103 ore, \u00een prezen\u0163a unei numeroase asisten\u0163e, au avut loc discu\u0163ii \u015fi dezbateri pe tema dezvolt\u0103rii unor m\u0103<span class=\"text_exposed_show\">suri integrate cu abordare sistemic\u0103 \u015fi na\u0163ional\u0103 de prevenire \u015fi combatere a violen\u0163ei domestice \u015fi a traficului de persoane. De men\u0163ionat c\u0103, la nivelul jude\u0163ului Sibiu s-a raportat, anul trecut, un num\u0103r de 225 cazuri de violen\u0163\u0103 domestic\u0103, \u00eens\u0103 fenomenul este unul mult mai amplu \u015fi include pe l\u00e2ng\u0103 violen\u0163a fizic\u0103 \u015fi cea verbal\u0103, psihologic\u0103, economic\u0103 \u015fi social\u0103. To\u0163i cei care au luat cuv\u00e2ntul, au fost unanimi de acord c\u0103 legisla\u0163ia specific\u0103 ar trebui amendat\u0103, pentru c\u0103 ordinele de restric\u0163ie, ori &#8222;Legea locuin\u0163elor&#8221; nu le ofer\u0103 autorit\u0103\u0163ilor posibilitatea de a-i \u0163ine la distan\u0163\u0103 pe agresori fa\u0163\u0103 de victime, de a monitoriza fiecare caz \u00een parte \u015fi de a ac\u0163iona cu maxim\u0103 eficien\u0163\u0103. La Media\u015f, bun\u0103oar\u0103, de\u015fi exist\u0103, de ceva timp, o str\u00e2ns\u0103 colaborare cu o asocia\u0163ie de profil, aceasta a ajuns doar p\u00e2n\u0103 la nivelul consilierii \u015fi al \u00eendrum\u0103rii victimelor c\u0103tre institu\u0163iile abilitate. Un proiect tematic cu fina\u0163are nerambursabil\u0103 a fost \u00eens\u0103 respins, dar el \u015fi-ar putea g\u0103si, totu\u015fi, materializarea, \u00een cursul anului viitor, cu fonduri de la bugetul local.<\/span><\/p>\n","protected":false},"excerpt":{"rendered":"<p>Reprezentan\u0163ii Direc\u0163iei de Asisten\u0163\u0103 Social\u0103 Media\u015f au participat, s\u00e2mb\u0103t\u0103 la pr\u00e2nz, la seria de dezbateri &#8222;Serb\u0103rile Normalit\u0103\u0163ii &#8211; celebrarea unei normalit\u0103\u0163i care exclude \u015fi condamn\u0103 violen\u0163a domestic\u0103, traficul de parsoane \u015fi lipsa egalit\u0103\u0163ii de \u015fanse&#8221;, ce s-a desf\u0103\u015furat la Casa de Cultur\u0103 a Sindicatelor. Pe parcursul a circa dou\u0103 ore, \u00een prezen\u0163a unei numeroase asisten\u0163e, au avut loc discu\u0163ii \u015fi [&hellip;]<\/p>\n","protected":false},"author":1,"featured_media":0,"comment_status":"open","ping_status":"open","sticky":false,"template":"","format":"standard","meta":{"footnotes":""},"categories":[1],"tags":[],"class_list":["post-713","post","type-post","status-publish","format-standard","hentry","category-noutati"],"_links":{"self":[{"href":"https:\/\/dasmedias.ro\/index.php\/wp-json\/wp\/v2\/posts\/713","targetHints":{"allow":["GET"]}}],"collection":[{"href":"https:\/\/dasmedias.ro\/index.php\/wp-json\/wp\/v2\/posts"}],"about":[{"href":"https:\/\/dasmedias.ro\/index.php\/wp-json\/wp\/v2\/types\/post"}],"author":[{"embeddable":true,"href":"https:\/\/dasmedias.ro\/index.php\/wp-json\/wp\/v2\/users\/1"}],"replies":[{"embeddable":true,"href":"https:\/\/dasmedias.ro\/index.php\/wp-json\/wp\/v2\/comments?post=713"}],"version-history":[{"count":0,"href":"https:\/\/dasmedias.ro\/index.php\/wp-json\/wp\/v2\/posts\/713\/revisions"}],"wp:attachment":[{"href":"https:\/\/dasmedias.ro\/index.php\/wp-json\/wp\/v2\/media?parent=713"}],"wp:term":[{"taxonomy":"category","embeddable":true,"href":"https:\/\/dasmedias.ro\/index.php\/wp-json\/wp\/v2\/categories?post=713"},{"taxonomy":"post_tag","embeddable":true,"href":"https:\/\/dasmedias.ro\/index.php\/wp-json\/wp\/v2\/tags?post=713"}],"curies":[{"name":"wp","href":"https:\/\/api.w.org\/{rel}","templated":true}]}}