{"id":369,"date":"2013-10-23T00:52:52","date_gmt":"2013-10-22T12:07:52","guid":{"rendered":"http:\/\/dasmedias.wordpress.com\/?p=369"},"modified":"2013-10-23T00:52:52","modified_gmt":"2013-10-22T12:07:52","slug":"anunt-2","status":"publish","type":"post","link":"https:\/\/dasmedias.ro\/index.php\/2013\/10\/23\/anunt-2\/","title":{"rendered":"Anun\u0163"},"content":{"rendered":"<p><!--[if gte mso 9]&gt;--><\/p>\n<p class=\"MsoNormal\" style=\"text-indent:36pt;text-align:left;\"><span lang=\"PT-BR\" style=\"color:black;\">Direc\u0163ia de Asisten\u0163\u0103 Social\u0103 Media\u015f organizeaz\u0103 concurs de recrutare pentru ocuparea, pe perioad\u0103 determinat\u0103, a unui post temporar vacant de infirmier la Cre\u015fa 2, Serviciul Cre\u015fe Asisten\u0163\u0103 Medical\u0103 Unit\u0103\u0163i de <\/span><span lang=\"RO\" style=\"color:black;\">\u00ce<\/span><span lang=\"PT-BR\" style=\"color:black;\">nv\u0103\u0163\u0103m\u00e2nt.\u00a0\u00a0\u00a0\u00a0\u00a0\u00a0 <\/span><\/p>\n<p class=\"MsoNormal\" style=\"text-align:left;\"><span lang=\"PT-BR\" style=\"color:black;\">\u00a0\u00a0\u00a0\u00a0\u00a0\u00a0\u00a0\u00a0 Concursul se va desfa\u015fura la sediul din Pia\u0163a C.Coposu nr.3 astfel:<\/span><\/p>\n<p class=\"MsoNormal\" style=\"text-align:left;\"><span lang=\"PT-BR\" style=\"color:black;\">\u00a0\u00a0\u00a0\u00a0\u00a0\u00a0 \u00a0\u00a0\u00a0\u00a0\u00a0\u00a0\u00a0\u00a0\u00a0&#8211; <\/span><span lang=\"RO\" style=\"color:black;\">\u00een data de 03.12.2013\u00a0\u00a0\u00a0\u00a0\u00a0 &#8211; interviu<\/span><\/p>\n<p class=\"MsoNormal\" style=\"text-align:left;\"><b><span lang=\"PT-BR\" style=\"color:black;\">\u00a0\u00a0\u00a0\u00a0\u00a0\u00a0\u00a0 Candida\u0163ii trebuie s\u0103 \u00eendeplineasc\u0103 urm\u0103toarele condi\u0163ii\u00a0:<\/span><\/b><\/p>\n<p class=\"MsoNormal\" style=\"text-align:left;\"><b><span lang=\"PT-BR\" style=\"color:black;\">\u00a0<\/span><\/b><span lang=\"PT-BR\" style=\"color:black;\">\u00a0\u00a0\u00a0\u00a0\u00a0\u00a0\u00a0\u00a0\u00a0\u00a0\u00a0 &#8211;\u00a0s\u0103 fie cet\u0103\u0163ean rom\u00e2n\u00a0;<\/span><\/p>\n<p class=\"MsoNormal\" style=\"text-align:left;\"><span lang=\"PT-BR\" style=\"color:black;\">\u00a0\u00a0\u00a0\u00a0\u00a0\u00a0\u00a0\u00a0\u00a0\u00a0\u00a0\u00a0 &#8211;\u00a0s\u0103 fie apt medical pentru exercitarea func\u0163iei\u00a0;<\/span><\/p>\n<p><span lang=\"PT-BR\" style=\"color:black;\">\u00a0\u00a0\u00a0\u00a0\u00a0\u00a0\u00a0\u00a0\u00a0\u00a0 \u00a0 &#8211;\u00a0s\u0103 nu aib\u0103 antecedente penale pentru infrac\u0163iuni s\u0103v\u00e2r\u015fite contra umanit\u0103\u0163ii\u00a0.<\/span><\/p>\n<p class=\"MsoNormal\" style=\"text-align:left;\"><span lang=\"PT-BR\" style=\"color:black;\">\u00a0\u00a0\u00a0\u00a0\u00a0\u00a0 <\/span><b><span lang=\"PT-BR\" style=\"color:black;\">\u00a0\u00a0\u00a0\u00a0\u00a0\u00a0 Condi<\/span><span lang=\"RO\" style=\"color:black;\">\u0163ii specifice<\/span><\/b><span lang=\"RO\" style=\"color:black;\">:<\/span><\/p>\n<p class=\"MsoNormal\" style=\"text-align:left;\"><span lang=\"RO\" style=\"color:black;\">\u00a0\u00a0\u00a0\u00a0\u00a0\u00a0\u00a0\u00a0 &#8211; studii medii <\/span><\/p>\n<p class=\"MsoNormal\" style=\"margin-left:27pt;text-align:left;\"><b><span lang=\"PT-BR\" style=\"color:black;\">Dosarul de \u00eenscriere la concurs va cuprinde<\/span><\/b><span lang=\"PT-BR\" style=\"color:black;\">\u00a0<b>:<\/b>\u00a0\u00a0\u00a0\u00a0 <\/span><\/p>\n<p class=\"MsoNormal\" style=\"margin-left:18pt;text-indent:-9pt;text-align:left;\"><span lang=\"PT-BR\" style=\"color:black;\">&#8211;<\/span><span lang=\"PT-BR\" style=\"font-size:7pt;color:black;\">\u00a0\u00a0\u00a0\u00a0\u00a0\u00a0\u00a0\u00a0\u00a0<\/span><span lang=\"PT-BR\" style=\"color:black;\">cerere de \u00eenscriere;<\/span><\/p>\n<p class=\"MsoNormal\" style=\"margin-left:18pt;text-indent:-9pt;text-align:left;\"><span lang=\"PT-BR\" style=\"color:black;\">&#8211;<\/span><span lang=\"PT-BR\" style=\"font-size:7pt;color:black;\">\u00a0\u00a0\u00a0\u00a0\u00a0\u00a0\u00a0\u00a0\u00a0<\/span><span lang=\"PT-BR\" style=\"color:black;\">curriculum vitae;<\/span><\/p>\n<p class=\"MsoNormal\" style=\"margin-left:18pt;text-indent:-9pt;text-align:left;\"><span lang=\"PT-BR\" style=\"color:black;\">&#8211;<\/span><span lang=\"PT-BR\" style=\"font-size:7pt;color:black;\">\u00a0\u00a0\u00a0\u00a0\u00a0\u00a0\u00a0\u00a0\u00a0<\/span><span lang=\"PT-BR\" style=\"color:black;\">copia actului de identitate;<\/span><\/p>\n<p class=\"MsoNormal\" style=\"margin-left:18pt;text-indent:-9pt;text-align:left;\"><span lang=\"PT-BR\" style=\"color:black;\">&#8211;<\/span><span lang=\"PT-BR\" style=\"font-size:7pt;color:black;\">\u00a0\u00a0\u00a0\u00a0\u00a0\u00a0\u00a0\u00a0\u00a0<\/span><span lang=\"PT-BR\" style=\"color:black;\">copie a actelor de studii;<\/span><\/p>\n<p class=\"MsoNormal\" style=\"margin-left:18pt;text-indent:-9pt;text-align:left;\"><span lang=\"PT-BR\" style=\"color:black;\">&#8211;<\/span><span lang=\"PT-BR\" style=\"font-size:7pt;color:black;\">\u00a0\u00a0\u00a0\u00a0\u00a0\u00a0\u00a0\u00a0\u00a0<\/span><span lang=\"PT-BR\" style=\"color:black;\">copia carnetului de munc\u0103 sau, dup\u0103 caz, o adeverin\u0163\u0103 care s\u0103 ateste vechimea \u00een munc\u0103 ;<\/span><\/p>\n<p class=\"MsoNormal\" style=\"margin-left:18pt;text-indent:-9pt;text-align:left;\"><span lang=\"PT-BR\" style=\"color:black;\">&#8211;<\/span><span lang=\"PT-BR\" style=\"font-size:7pt;color:black;\">\u00a0\u00a0\u00a0\u00a0\u00a0\u00a0\u00a0\u00a0\u00a0<\/span><span lang=\"PT-BR\" style=\"color:black;\">cazierul judiciar;<\/span><\/p>\n<p class=\"MsoNormal\" style=\"margin-left:18pt;text-indent:-9pt;text-align:left;\"><span lang=\"PT-BR\" style=\"color:black;\">&#8211;<\/span><span lang=\"PT-BR\" style=\"font-size:7pt;color:black;\">\u00a0\u00a0\u00a0\u00a0\u00a0\u00a0\u00a0\u00a0\u00a0<\/span><span lang=\"PT-BR\" style=\"color:black;\">adeverin\u0163a care s\u0103 ateste starea de s\u0103n\u0103tate corespunz\u0103toare, eliberat\u0103 cu cel mult 6 luni anterior derul\u0103rii concursului de c\u0103tre medicul de familie al candidatului sau de c\u0103tre unit\u0103\u0163ile sanitare abilitate;<\/span><\/p>\n<p class=\"MsoNormal\" style=\"margin-left:18pt;text-indent:-9pt;text-align:left;\"><span lang=\"PT-BR\" style=\"color:black;\">&#8211;<\/span><span lang=\"PT-BR\" style=\"font-size:7pt;color:black;\">\u00a0\u00a0\u00a0\u00a0\u00a0\u00a0\u00a0\u00a0\u00a0<\/span><span lang=\"PT-BR\" style=\"color:black;\">declara\u0163ia pe propria r\u0103spundere sau adeverin\u0163a care s\u0103 ateste c\u0103 nu a desf\u0103\u015furat activit\u0103\u0163i contra umanit\u0103\u0163ii;<\/span><\/p>\n<p class=\"MsoNormal\" style=\"margin-left:18pt;text-indent:-9pt;text-align:left;\"><span lang=\"PT-BR\" style=\"color:black;\">&#8211;\u00a0\u00a0 \u00a0aviz psihologic pentru angajare.<\/span><\/p>\n<p class=\"MsoNormal\" style=\"margin-left:27pt;text-indent:9pt;text-align:left;\"><span lang=\"PT-BR\" style=\"color:black;\">\u00a0Dosarele se depun la sediul\u00a0 Direc\u0163iei de Asisten\u0163\u0103 Social\u0103\u00a0 Media\u015f , P-\u0163a C. Coposu nr. 3,\u00a0 p\u00e2n\u0103 \u00a0\u00a0la \u00a0data de 04.11.2013 \u00a0ora \u00a013.00 ( resurse umane ) .<\/span><\/p>\n<p class=\"MsoNormal\" style=\"margin-left:27pt;text-align:left;\"><span lang=\"FR\" style=\"color:black;\">\u00a0\u00a0\u00a0 Rela\u0163ii suplimentare se pot ob\u0163ine de \u00a0la sediul Direc\u0163iei de Asisten\u0163\u0103\u00a0 Social\u0103 Media\u015f \u00a0sau \u00a0la \u00a0telefon\u00a0 0269\/803866 \u00a0( resurse umane) .<\/span><\/p>\n<p class=\"MsoNormal\" style=\"text-align:left;\"><span lang=\"FR\" style=\"color:black;\">\u00a0<\/span>Director executiv<\/p>\n<p class=\"MsoNormal\" style=\"text-align:left;\">CONEA MIHAELA<\/p>\n<p class=\"MsoNormal\" style=\"text-align:left;\">\n","protected":false},"excerpt":{"rendered":"<p>Direc\u0163ia de Asisten\u0163\u0103 Social\u0103 Media\u015f organizeaz\u0103 concurs de recrutare pentru ocuparea, pe perioad\u0103 determinat\u0103, a unui post temporar vacant de infirmier la Cre\u015fa 2, Serviciul Cre\u015fe Asisten\u0163\u0103 Medical\u0103 Unit\u0103\u0163i de \u00cenv\u0103\u0163\u0103m\u00e2nt.\u00a0\u00a0\u00a0\u00a0\u00a0\u00a0 \u00a0\u00a0\u00a0\u00a0\u00a0\u00a0\u00a0\u00a0 Concursul se va desfa\u015fura la sediul din Pia\u0163a C.Coposu nr.3 astfel: \u00a0\u00a0\u00a0\u00a0\u00a0\u00a0 \u00a0\u00a0\u00a0\u00a0\u00a0\u00a0\u00a0\u00a0\u00a0&#8211; \u00een data de 03.12.2013\u00a0\u00a0\u00a0\u00a0\u00a0 &#8211; interviu \u00a0\u00a0\u00a0\u00a0\u00a0\u00a0\u00a0 Candida\u0163ii trebuie s\u0103 \u00eendeplineasc\u0103 urm\u0103toarele condi\u0163ii\u00a0: \u00a0\u00a0\u00a0\u00a0\u00a0\u00a0\u00a0\u00a0\u00a0\u00a0\u00a0\u00a0 &#8211;\u00a0s\u0103 [&hellip;]<\/p>\n","protected":false},"author":1,"featured_media":0,"comment_status":"open","ping_status":"open","sticky":false,"template":"","format":"standard","meta":{"footnotes":""},"categories":[1],"tags":[],"class_list":["post-369","post","type-post","status-publish","format-standard","hentry","category-noutati"],"_links":{"self":[{"href":"https:\/\/dasmedias.ro\/index.php\/wp-json\/wp\/v2\/posts\/369","targetHints":{"allow":["GET"]}}],"collection":[{"href":"https:\/\/dasmedias.ro\/index.php\/wp-json\/wp\/v2\/posts"}],"about":[{"href":"https:\/\/dasmedias.ro\/index.php\/wp-json\/wp\/v2\/types\/post"}],"author":[{"embeddable":true,"href":"https:\/\/dasmedias.ro\/index.php\/wp-json\/wp\/v2\/users\/1"}],"replies":[{"embeddable":true,"href":"https:\/\/dasmedias.ro\/index.php\/wp-json\/wp\/v2\/comments?post=369"}],"version-history":[{"count":0,"href":"https:\/\/dasmedias.ro\/index.php\/wp-json\/wp\/v2\/posts\/369\/revisions"}],"wp:attachment":[{"href":"https:\/\/dasmedias.ro\/index.php\/wp-json\/wp\/v2\/media?parent=369"}],"wp:term":[{"taxonomy":"category","embeddable":true,"href":"https:\/\/dasmedias.ro\/index.php\/wp-json\/wp\/v2\/categories?post=369"},{"taxonomy":"post_tag","embeddable":true,"href":"https:\/\/dasmedias.ro\/index.php\/wp-json\/wp\/v2\/tags?post=369"}],"curies":[{"name":"wp","href":"https:\/\/api.w.org\/{rel}","templated":true}]}}