{"id":1453,"date":"2020-01-10T13:19:10","date_gmt":"2020-01-10T10:19:10","guid":{"rendered":"https:\/\/dasmedias.wordpress.com\/?p=1453"},"modified":"2020-01-10T13:19:10","modified_gmt":"2020-01-10T10:19:10","slug":"d-a-s-medias-preia-cereri-pentru-locuinte-sociale-2","status":"publish","type":"post","link":"https:\/\/dasmedias.ro\/index.php\/2020\/01\/10\/d-a-s-medias-preia-cereri-pentru-locuinte-sociale-2\/","title":{"rendered":"D.A.S. Media\u0219 preia cereri pentru locuin\u021be sociale"},"content":{"rendered":"<p><a href=\"https:\/\/dasmedias.ro\/wp-content\/uploads\/2020\/01\/locuinte-sociale.jpg\"><img fetchpriority=\"high\" decoding=\"async\" class=\"aligncenter size-full wp-image-1455\" src=\"https:\/\/dasmedias.ro\/wp-content\/uploads\/2020\/01\/locuinte-sociale.jpg\" alt=\"\" width=\"275\" height=\"183\" \/><\/a>Direc\u021bia de Asisten\u021b\u0103 Social\u0103 Media\u0219 a \u00eenceput preluarea cererilor, \u00eenso\u021bite de documente justificative, \u00een vederea \u00eentocmirii listei de priorit\u0103\u021bi pentru repartizarea unei locuin\u021be sociale din fondul locativ al Municipiului Media\u0219 pentru anul 2020.<\/p>\n<p>\u00cen conformitate cu\u00a0 art. 48 din Legea 114\/1996, cu modific\u0103rile \u0219i complet\u0103rile ulterioare nu pot beneficia sau de\u0163ine locuin\u0163e din fondul locativ\u00a0 persoanele sau\u00a0 familiile care :<\/p>\n<ol>\n<li>a) de\u0163in \u00een proprietate o locuin\u0163\u0103 ;<\/li>\n<li>b) au \u00eenstr\u0103inat o locuin\u0163\u0103 dup\u0103 data de 1 ianuarie 1990 ;<\/li>\n<li>c) au beneficiat de sprijinul statului \u00een credite \u015fi execu\u0163ie pentru realizarea unei locuin\u0163e ;<\/li>\n<li>d) de\u0163in, \u00een calitate de chiria\u015f, o alt\u0103 locuin\u0163\u0103 din fondul locativ de stat ;<\/li>\n<\/ol>\n<p>Cererile pentru repartizarea unei locuin\u021be sociale\u00a0 \u00eenso\u021bite de acte doveditoare vor fi depuse la sediul Direc\u021biei de Asisten\u021b\u0103\u00a0 Social\u0103\u00a0 Media\u0219,\u00a0 Aleea Comandor Dimitrie Moraru nr.11, \u00een\u00a0 perioada\u00a0\u00a0 06 ianuarie 2020 \u2013 14 februarie 2020, zilnic \u00eentre orele 8 &#8211; 12 .<\/p>\n<p>Aceste cereri vor fi analizate de speciali\u0219tii institu\u021biei \u0219i de Comisia Social\u0103, constituit\u0103 \u00een baza Hot\u0103r\u00e2rii\u00a0 Consiliului Local Media\u015f \u00een conformitate cu Legea locuin\u0163ei nr.114\/1996 , cu modific\u0103rile \u0219i complet\u0103rile\u00a0 ulterioare, urm\u00e2nd a fi aprobate doar cele care corespund prevederilor legale \u00een vigoare.<\/p>\n","protected":false},"excerpt":{"rendered":"<p>Direc\u021bia de Asisten\u021b\u0103 Social\u0103 Media\u0219 a \u00eenceput preluarea cererilor, \u00eenso\u021bite de documente justificative, \u00een vederea \u00eentocmirii listei de priorit\u0103\u021bi pentru repartizarea unei locuin\u021be sociale din fondul locativ al Municipiului Media\u0219 pentru anul 2020. \u00cen conformitate cu\u00a0 art. 48 din Legea 114\/1996, cu modific\u0103rile \u0219i complet\u0103rile ulterioare nu pot beneficia sau de\u0163ine locuin\u0163e din fondul locativ\u00a0 persoanele sau\u00a0 familiile care : [&hellip;]<\/p>\n","protected":false},"author":1,"featured_media":0,"comment_status":"open","ping_status":"open","sticky":false,"template":"","format":"standard","meta":{"footnotes":""},"categories":[1],"tags":[],"class_list":["post-1453","post","type-post","status-publish","format-standard","hentry","category-noutati"],"_links":{"self":[{"href":"https:\/\/dasmedias.ro\/index.php\/wp-json\/wp\/v2\/posts\/1453","targetHints":{"allow":["GET"]}}],"collection":[{"href":"https:\/\/dasmedias.ro\/index.php\/wp-json\/wp\/v2\/posts"}],"about":[{"href":"https:\/\/dasmedias.ro\/index.php\/wp-json\/wp\/v2\/types\/post"}],"author":[{"embeddable":true,"href":"https:\/\/dasmedias.ro\/index.php\/wp-json\/wp\/v2\/users\/1"}],"replies":[{"embeddable":true,"href":"https:\/\/dasmedias.ro\/index.php\/wp-json\/wp\/v2\/comments?post=1453"}],"version-history":[{"count":0,"href":"https:\/\/dasmedias.ro\/index.php\/wp-json\/wp\/v2\/posts\/1453\/revisions"}],"wp:attachment":[{"href":"https:\/\/dasmedias.ro\/index.php\/wp-json\/wp\/v2\/media?parent=1453"}],"wp:term":[{"taxonomy":"category","embeddable":true,"href":"https:\/\/dasmedias.ro\/index.php\/wp-json\/wp\/v2\/categories?post=1453"},{"taxonomy":"post_tag","embeddable":true,"href":"https:\/\/dasmedias.ro\/index.php\/wp-json\/wp\/v2\/tags?post=1453"}],"curies":[{"name":"wp","href":"https:\/\/api.w.org\/{rel}","templated":true}]}}