{"id":1389,"date":"2019-12-24T10:06:59","date_gmt":"2019-12-24T07:06:59","guid":{"rendered":"https:\/\/dasmedias.wordpress.com\/?p=1389"},"modified":"2019-12-24T10:06:59","modified_gmt":"2019-12-24T07:06:59","slug":"craciun-fericit-si-un-an-nou-2020-mult-mai-bun","status":"publish","type":"post","link":"https:\/\/dasmedias.ro\/index.php\/2019\/12\/24\/craciun-fericit-si-un-an-nou-2020-mult-mai-bun\/","title":{"rendered":"Cr\u0103ciun fericit \u0219i un An Nou, 2020, mult mai bun!"},"content":{"rendered":"<p><a href=\"https:\/\/dasmedias.ro\/wp-content\/uploads\/2019\/12\/felicitare-2.jpg\"><img fetchpriority=\"high\" decoding=\"async\" class=\"aligncenter size-large wp-image-1390\" src=\"https:\/\/dasmedias.ro\/wp-content\/uploads\/2019\/12\/felicitare-2.jpg?w=540\" alt=\"\" width=\"540\" height=\"340\" srcset=\"https:\/\/dasmedias.ro\/wp-content\/uploads\/2019\/12\/felicitare-2.jpg 700w, https:\/\/dasmedias.ro\/wp-content\/uploads\/2019\/12\/felicitare-2-300x189.jpg 300w\" sizes=\"(max-width: 540px) 100vw, 540px\" \/><\/a>Cr\u0103ciunul este perioada \u00een care copiii \u00eei spun Mo\u015fului ce doresc iar p\u0103rin\u0163ii le \u00eemplinesc dorin\u021bele. Asisten\u021ba Social\u0103 este deopotriv\u0103 mam\u0103 \u0219i tat\u0103, familia adoptiv\u0103 a tuturor celor n\u0103p\u0103stui\u021bi, neajutora\u021bi, afla\u021bi \u00een suferin\u021b\u0103 \u0219i lipsuri, c\u0103rora le ofer\u0103 sprijin \u0219i alinare, nu doar de s\u0103rb\u0103tori ci \u00een toate cele 365 zile ale anului. Spiritului Cr\u0103ciunului ne \u00eendeamn\u0103, acum, pe to\u021bi, s\u0103 aprindem focul ospitalit\u0103\u0163ii \u00een case \u0219i pe cel al dragostei \u00een inimi. De aceea, \u00een prag de<span class=\"text_exposed_show\">\u00a0s\u0103rb\u0103tori, \u00eentreg personalul Direc\u021biei de Asisten\u021b\u0103 Social\u0103 Media\u0219 v\u0103 dore\u0219te ca minunatele nop\u021bi ale Cr\u0103ciunului, colindelor \u0219i datinilor str\u0103mo\u0219e\u0219ti s\u0103 v\u0103 g\u0103seasc\u0103 la ceas de bucurie si \u00eemp\u0103care al\u0103turi de cei dragi, g\u00e2ndurile bune \u0219i curate s\u0103 v\u0103 \u00eenso\u021beasc\u0103 pretutindeni, fericirea \u0219i succesul s\u0103 fie nedesp\u0103r\u021bite \u00een casele tuturor. Cr\u0103ciun Fericit \u0219i un An Nou 2020, mult mai bun!!!<\/span><\/p>\n","protected":false},"excerpt":{"rendered":"<p>Cr\u0103ciunul este perioada \u00een care copiii \u00eei spun Mo\u015fului ce doresc iar p\u0103rin\u0163ii le \u00eemplinesc dorin\u021bele. Asisten\u021ba Social\u0103 este deopotriv\u0103 mam\u0103 \u0219i tat\u0103, familia adoptiv\u0103 a tuturor celor n\u0103p\u0103stui\u021bi, neajutora\u021bi, afla\u021bi \u00een suferin\u021b\u0103 \u0219i lipsuri, c\u0103rora le ofer\u0103 sprijin \u0219i alinare, nu doar de s\u0103rb\u0103tori ci \u00een toate cele 365 zile ale anului. Spiritului Cr\u0103ciunului ne \u00eendeamn\u0103, acum, pe to\u021bi, [&hellip;]<\/p>\n","protected":false},"author":1,"featured_media":0,"comment_status":"open","ping_status":"open","sticky":false,"template":"","format":"standard","meta":{"footnotes":""},"categories":[1],"tags":[],"class_list":["post-1389","post","type-post","status-publish","format-standard","hentry","category-noutati"],"_links":{"self":[{"href":"https:\/\/dasmedias.ro\/index.php\/wp-json\/wp\/v2\/posts\/1389","targetHints":{"allow":["GET"]}}],"collection":[{"href":"https:\/\/dasmedias.ro\/index.php\/wp-json\/wp\/v2\/posts"}],"about":[{"href":"https:\/\/dasmedias.ro\/index.php\/wp-json\/wp\/v2\/types\/post"}],"author":[{"embeddable":true,"href":"https:\/\/dasmedias.ro\/index.php\/wp-json\/wp\/v2\/users\/1"}],"replies":[{"embeddable":true,"href":"https:\/\/dasmedias.ro\/index.php\/wp-json\/wp\/v2\/comments?post=1389"}],"version-history":[{"count":0,"href":"https:\/\/dasmedias.ro\/index.php\/wp-json\/wp\/v2\/posts\/1389\/revisions"}],"wp:attachment":[{"href":"https:\/\/dasmedias.ro\/index.php\/wp-json\/wp\/v2\/media?parent=1389"}],"wp:term":[{"taxonomy":"category","embeddable":true,"href":"https:\/\/dasmedias.ro\/index.php\/wp-json\/wp\/v2\/categories?post=1389"},{"taxonomy":"post_tag","embeddable":true,"href":"https:\/\/dasmedias.ro\/index.php\/wp-json\/wp\/v2\/tags?post=1389"}],"curies":[{"name":"wp","href":"https:\/\/api.w.org\/{rel}","templated":true}]}}