{"id":1259,"date":"2018-10-25T11:11:53","date_gmt":"2018-10-25T08:11:53","guid":{"rendered":"https:\/\/dasmedias.wordpress.com\/?p=1259"},"modified":"2018-10-25T11:11:53","modified_gmt":"2018-10-25T08:11:53","slug":"beneficiile-de-asistenta-sociala-tema-unei-intalniri-de-lucru-la-d-a-s-medias","status":"publish","type":"post","link":"https:\/\/dasmedias.ro\/index.php\/2018\/10\/25\/beneficiile-de-asistenta-sociala-tema-unei-intalniri-de-lucru-la-d-a-s-medias\/","title":{"rendered":"Beneficiile de asisten\u021b\u0103 social\u0103 &#8211; tema unei \u00eent\u00e2lniri de lucru la D.A.S. Media\u0219"},"content":{"rendered":"<p><a href=\"https:\/\/dasmedias.ro\/wp-content\/uploads\/2018\/10\/44796397_1504052256407905_9155275738398588928_n.jpg\"><img fetchpriority=\"high\" decoding=\"async\" class=\"aligncenter size-large wp-image-1260\" src=\"https:\/\/dasmedias.ro\/wp-content\/uploads\/2018\/10\/44796397_1504052256407905_9155275738398588928_n.jpg?w=540\" alt=\"\" width=\"540\" height=\"720\" srcset=\"https:\/\/dasmedias.ro\/wp-content\/uploads\/2018\/10\/44796397_1504052256407905_9155275738398588928_n.jpg 720w, https:\/\/dasmedias.ro\/wp-content\/uploads\/2018\/10\/44796397_1504052256407905_9155275738398588928_n-225x300.jpg 225w\" sizes=\"(max-width: 540px) 100vw, 540px\" \/><\/a> <a href=\"https:\/\/dasmedias.ro\/wp-content\/uploads\/2018\/10\/44887776_336760913568215_3224388492075204608_n.jpg\"><img decoding=\"async\" class=\"aligncenter size-large wp-image-1261\" src=\"https:\/\/dasmedias.ro\/wp-content\/uploads\/2018\/10\/44887776_336760913568215_3224388492075204608_n.jpg?w=540\" alt=\"\" width=\"540\" height=\"720\" srcset=\"https:\/\/dasmedias.ro\/wp-content\/uploads\/2018\/10\/44887776_336760913568215_3224388492075204608_n.jpg 720w, https:\/\/dasmedias.ro\/wp-content\/uploads\/2018\/10\/44887776_336760913568215_3224388492075204608_n-225x300.jpg 225w\" sizes=\"(max-width: 540px) 100vw, 540px\" \/><\/a>Sediul Direc\u021biei de Asisten\u021b\u0103 Social\u0103 (D.A.S.) Media\u0219 a fost, miercuri diminea\u021ba, gazda unei \u00eent\u00e2lniri de lucru organizat\u0103 de c\u0103tre Agen\u021bia Jude\u021bean\u0103 pentru Pl\u0103\u021bi \u0219i Inspec\u021bie Social\u0103 (A.J.P.I.S.) Sibiu, la care au participat reprezentan\u021bi ai administra\u021biilor locale din nordul jude\u021bului. Cu acest preilej au fost dezb\u0103tute teme din domeniul beneficiilor de asisten\u021b\u0103 social\u0103 precum condi\u021biile de eligibilitate privind stabilirea \u0219i acordarea ajutorului social, a aloca\u021biei de sus<span class=\"text_exposed_show\">\u021binere a familiei, a ajutoarelor de \u00eenc\u0103lzire pentru sezonul rece, a aloca\u021biei de stat pentru copii, a \u00eendemniza\u021biei de cre\u0219tere a copilului \u0219i a stimulentului de inser\u021bie, respectiv verificarea \u00eendeplinirii obliga\u021biilor legale \u0219i a \u00eentocmirii documenta\u021biilor specifice acord\u0103rii\/modific\u0103rii\/suspend\u0103rii\/\u00eencet\u0103rii drepturilor de beneficii de asisten\u021b\u0103 social\u0103; modific\u0103rile legislative privind beneficiile de asisten\u021b\u0103 social\u0103; organizarea, administrarea \u0219i acordarea serviciilor sociale de c\u0103tre autorit\u0103\u021bile administra\u021biei publice locale.<\/span><\/p>\n","protected":false},"excerpt":{"rendered":"<p>Sediul Direc\u021biei de Asisten\u021b\u0103 Social\u0103 (D.A.S.) Media\u0219 a fost, miercuri diminea\u021ba, gazda unei \u00eent\u00e2lniri de lucru organizat\u0103 de c\u0103tre Agen\u021bia Jude\u021bean\u0103 pentru Pl\u0103\u021bi \u0219i Inspec\u021bie Social\u0103 (A.J.P.I.S.) Sibiu, la care au participat reprezentan\u021bi ai administra\u021biilor locale din nordul jude\u021bului. Cu acest preilej au fost dezb\u0103tute teme din domeniul beneficiilor de asisten\u021b\u0103 social\u0103 precum condi\u021biile de eligibilitate privind stabilirea \u0219i acordarea [&hellip;]<\/p>\n","protected":false},"author":1,"featured_media":0,"comment_status":"open","ping_status":"open","sticky":false,"template":"","format":"standard","meta":{"footnotes":""},"categories":[1],"tags":[],"class_list":["post-1259","post","type-post","status-publish","format-standard","hentry","category-noutati"],"_links":{"self":[{"href":"https:\/\/dasmedias.ro\/index.php\/wp-json\/wp\/v2\/posts\/1259","targetHints":{"allow":["GET"]}}],"collection":[{"href":"https:\/\/dasmedias.ro\/index.php\/wp-json\/wp\/v2\/posts"}],"about":[{"href":"https:\/\/dasmedias.ro\/index.php\/wp-json\/wp\/v2\/types\/post"}],"author":[{"embeddable":true,"href":"https:\/\/dasmedias.ro\/index.php\/wp-json\/wp\/v2\/users\/1"}],"replies":[{"embeddable":true,"href":"https:\/\/dasmedias.ro\/index.php\/wp-json\/wp\/v2\/comments?post=1259"}],"version-history":[{"count":0,"href":"https:\/\/dasmedias.ro\/index.php\/wp-json\/wp\/v2\/posts\/1259\/revisions"}],"wp:attachment":[{"href":"https:\/\/dasmedias.ro\/index.php\/wp-json\/wp\/v2\/media?parent=1259"}],"wp:term":[{"taxonomy":"category","embeddable":true,"href":"https:\/\/dasmedias.ro\/index.php\/wp-json\/wp\/v2\/categories?post=1259"},{"taxonomy":"post_tag","embeddable":true,"href":"https:\/\/dasmedias.ro\/index.php\/wp-json\/wp\/v2\/tags?post=1259"}],"curies":[{"name":"wp","href":"https:\/\/api.w.org\/{rel}","templated":true}]}}