{"id":1245,"date":"2018-10-01T11:26:33","date_gmt":"2018-10-01T08:26:33","guid":{"rendered":"https:\/\/dasmedias.wordpress.com\/?p=1245"},"modified":"2018-10-01T11:26:33","modified_gmt":"2018-10-01T08:26:33","slug":"la-multi-ani-de-ziua-internationala-a-persoanelor-varstnice","status":"publish","type":"post","link":"https:\/\/dasmedias.ro\/index.php\/2018\/10\/01\/la-multi-ani-de-ziua-internationala-a-persoanelor-varstnice\/","title":{"rendered":"La Mul\u021bi Ani de Ziua Interna\u021bional\u0103 a Persoanelor V\u00e2rstnice!"},"content":{"rendered":"<div class=\"\">\n<div class=\"_1mf _1mj\"><a href=\"https:\/\/dasmedias.ro\/wp-content\/uploads\/2018\/10\/ziua-persoanelor-varstnice.jpg\"><img fetchpriority=\"high\" decoding=\"async\" class=\"aligncenter size-large wp-image-1246\" src=\"https:\/\/dasmedias.ro\/wp-content\/uploads\/2018\/10\/ziua-persoanelor-varstnice.jpg?w=540\" alt=\"\" width=\"540\" height=\"765\" srcset=\"https:\/\/dasmedias.ro\/wp-content\/uploads\/2018\/10\/ziua-persoanelor-varstnice.jpg 678w, https:\/\/dasmedias.ro\/wp-content\/uploads\/2018\/10\/ziua-persoanelor-varstnice-212x300.jpg 212w\" sizes=\"(max-width: 540px) 100vw, 540px\" \/><\/a>La ini\u021biativa ONU, ziua de 1 octombrie a fost desemnat\u0103, \u00eenc\u0103 din anul 1991, drept Ziua Interna\u0163ional\u0103 a Persoanelor V\u00e2rstnice, \u00een semn de respect pentru oamenii v\u00e2rstnici din \u00eentreaga lume.<\/div>\n<\/div>\n<div class=\"\">\n<div class=\"_1mf _1mj\"><\/div>\n<\/div>\n<div class=\"\">\n<div class=\"_1mf _1mj\">De cele mai multe ori gr\u0103bi\u021bi s\u0103 trecem prin vremurile contemporane, uneori lini\u0219tite, alteori mai pu\u021bin senine, uit\u0103m, adesea, esen\u021bialul: \u00een orice societate, persoanele de v\u00e2rsta a treia au jucat \u015fi joac\u0103 un rol vital! Ne-au deschis drumul, ne-au ar\u0103tat destina\u021bia, ne-au c\u0103l\u0103uzit visele, ne-au avertizat \u00een leg\u0103tur\u0103 cu primejdiile, ne-au \u00eenv\u0103\u021bat s\u0103 facem diferen\u021ba! Bunicii no\u0219tri ne-au ocrotit pa\u0219ii \u0219i via\u021ba, iar unii o mai fac chiar \u0219i acum.<\/div>\n<\/div>\n<div class=\"\">\n<div class=\"_1mf _1mj\"><\/div>\n<\/div>\n<div class=\"\">\n<div class=\"_1mf _1mj\">De aceea, persoanele v\u00e2rstnice merit\u0103 respect \u0219i admira\u021bie. Experien\u021ba lor de via\u021b\u0103 este pre\u021bioas\u0103, pildele lor trebuie luate \u00een seam\u0103. Istoria ne arat\u0103 cu fiecare zi c\u0103 v\u00e2rstnicii \u0219tiu, \u00een timp ce noi doar b\u00e2jb\u00e2im, oscil\u0103m, taton\u0103m! <span class=\"_247o\">Direc\u0163ia Asisten\u0163\u0103 Social\u0103<\/span> Media\u0219 se apleac\u0103 cu condescenden\u021b\u0103 \u00een fa\u021ba acestora \u0219i le ureaz\u0103, \u00een aceast\u0103 zi de s\u0103rb\u0103toare, un sincer La Mul\u021bi Ani, s\u0103n\u0103tate, fericire, o via\u021b\u0103 lipsit\u0103 de griji \u0219i de nevoi!<\/div>\n<\/div>\n","protected":false},"excerpt":{"rendered":"<p>La ini\u021biativa ONU, ziua de 1 octombrie a fost desemnat\u0103, \u00eenc\u0103 din anul 1991, drept Ziua Interna\u0163ional\u0103 a Persoanelor V\u00e2rstnice, \u00een semn de respect pentru oamenii v\u00e2rstnici din \u00eentreaga lume. De cele mai multe ori gr\u0103bi\u021bi s\u0103 trecem prin vremurile contemporane, uneori lini\u0219tite, alteori mai pu\u021bin senine, uit\u0103m, adesea, esen\u021bialul: \u00een orice societate, persoanele de v\u00e2rsta a treia au jucat [&hellip;]<\/p>\n","protected":false},"author":1,"featured_media":0,"comment_status":"open","ping_status":"open","sticky":false,"template":"","format":"standard","meta":{"footnotes":""},"categories":[1],"tags":[],"class_list":["post-1245","post","type-post","status-publish","format-standard","hentry","category-noutati"],"_links":{"self":[{"href":"https:\/\/dasmedias.ro\/index.php\/wp-json\/wp\/v2\/posts\/1245","targetHints":{"allow":["GET"]}}],"collection":[{"href":"https:\/\/dasmedias.ro\/index.php\/wp-json\/wp\/v2\/posts"}],"about":[{"href":"https:\/\/dasmedias.ro\/index.php\/wp-json\/wp\/v2\/types\/post"}],"author":[{"embeddable":true,"href":"https:\/\/dasmedias.ro\/index.php\/wp-json\/wp\/v2\/users\/1"}],"replies":[{"embeddable":true,"href":"https:\/\/dasmedias.ro\/index.php\/wp-json\/wp\/v2\/comments?post=1245"}],"version-history":[{"count":0,"href":"https:\/\/dasmedias.ro\/index.php\/wp-json\/wp\/v2\/posts\/1245\/revisions"}],"wp:attachment":[{"href":"https:\/\/dasmedias.ro\/index.php\/wp-json\/wp\/v2\/media?parent=1245"}],"wp:term":[{"taxonomy":"category","embeddable":true,"href":"https:\/\/dasmedias.ro\/index.php\/wp-json\/wp\/v2\/categories?post=1245"},{"taxonomy":"post_tag","embeddable":true,"href":"https:\/\/dasmedias.ro\/index.php\/wp-json\/wp\/v2\/tags?post=1245"}],"curies":[{"name":"wp","href":"https:\/\/api.w.org\/{rel}","templated":true}]}}