{"id":1176,"date":"2018-03-26T11:17:40","date_gmt":"2018-03-26T08:17:40","guid":{"rendered":"https:\/\/dasmedias.wordpress.com\/?p=1176"},"modified":"2018-03-26T11:17:40","modified_gmt":"2018-03-26T08:17:40","slug":"activitatea-directiei-de-asistenta-sociala-d-a-s-medias-in-anul-201","status":"publish","type":"post","link":"https:\/\/dasmedias.ro\/index.php\/2018\/03\/26\/activitatea-directiei-de-asistenta-sociala-d-a-s-medias-in-anul-201\/","title":{"rendered":"ACTIVITATEA \u00a0DIREC\u021aIEI\u00a0 DE \u00a0ASISTEN\u021a\u0102 \u00a0SOCIAL\u0102\u00a0 (D.A.S.)\u00a0 MEDIA\u0218\u00a0 \u00ceN ANUL \u00a0 2017"},"content":{"rendered":"<p><a href=\"https:\/\/dasmedias.ro\/wp-content\/uploads\/2018\/03\/das-medias.jpg\"><img fetchpriority=\"high\" decoding=\"async\" class=\"aligncenter size-large wp-image-1184\" src=\"https:\/\/dasmedias.ro\/wp-content\/uploads\/2018\/03\/das-medias.jpg?w=540\" alt=\"\" width=\"540\" height=\"405\" srcset=\"https:\/\/dasmedias.ro\/wp-content\/uploads\/2018\/03\/das-medias.jpg 1080w, https:\/\/dasmedias.ro\/wp-content\/uploads\/2018\/03\/das-medias-300x225.jpg 300w, https:\/\/dasmedias.ro\/wp-content\/uploads\/2018\/03\/das-medias-1024x768.jpg 1024w, https:\/\/dasmedias.ro\/wp-content\/uploads\/2018\/03\/das-medias-768x576.jpg 768w\" sizes=\"(max-width: 540px) 100vw, 540px\" \/><\/a>Direc\u0163ia de \u00a0Asisten\u0163\u0103 Social\u0103 \u00a0Media\u015f \u00a0(D.A.S.), \u00eenfiin\u0163at\u0103 prin H.C.L. Media\u0219 \u00a0nr. 98\/2006, \u00a0func\u0163ioneaz\u0103 ca institu\u0163ie public\u0103 de interes local, cu personalitate juridic\u0103, prestatoare de servicii publice \u015fi de utilitate public\u0103, acord\u00e2nd servicii sociale primare \u015fi specializate, \u00een condi\u0163iile prev\u0103zute de lege.<\/p>\n<p>Direc\u0163ia de Asisten\u0163\u0103 Social\u0103 Media\u015f asigur\u0103 aplicarea politicilor sociale la nivel local \u00een domeniul protec\u0163iei copilului, familiei, persoanelor singure, persoanelor v\u00e2rstnice, persoanelor cu handicap, precum \u015fi oric\u0103ror persoane aflate \u00een nevoie , av\u00e2nd atribu\u021bii\u00a0 \u00een\u00a0 conformitate cu prevederile legale..<\/p>\n<p>Din punct de vedere cantitativ activitatea D.A.S. Media\u0219\u00a0\u00a0 pentru\u00a0 anul 2017 , se reflect\u0103 \u00een num\u0103rul de acte\u00a0 \u00eenregistrate ( acte interne,\u00a0 cereri , dosare din partea cet\u0103\u021benilor )\u00a0 si anume\u00a0 un\u00a0 num\u0103r\u00a0\u00a0 de \u00a06137 \u00a0\u00a0de astfel de acte .<\/p>\n<p><strong>\u00a0<\/strong><strong>SERVICIUL \u00a0\u00a0BENEFICII\u00a0 DE \u00a0\u00a0ASISTEN\u0162\u0102\u00a0 \u00a0SOCIAL\u0102 \u00a0\u00a0\u015eI\u00a0\u00a0 SERVICII\u00a0 SOCIALE\u00a0 <\/strong><\/p>\n<p><strong>\u00a0<\/strong>Serviciul\u00a0 Beneficii de Asisten\u0163\u0103 Social\u0103\u00a0 \u015fi\u00a0 Servicii Sociale\u00a0\u00a0 ofer\u0103\u00a0 beneficii\u00a0 \u015fi servicii sociale \u00a0persoanelor, familiilor, grupurilor sau comunit\u0103\u0163ilor,\u00a0 \u00een vederea\u00a0 dep\u0103\u015firii\u00a0 unor situa\u0163ii de dificultate,\u00a0 vulnerabilitate sau\u00a0 dependen\u0163\u0103\u00a0\u00a0 pentru\u00a0 cre\u015fterea\u00a0 calit\u0103\u0163ii vie\u0163ii \u00a0\u015fi \u00a0promovarea\u00a0 coeziunii sociale,\u00a0 \u00een\u00a0 conformitate cu \u00a0actele \u00a0normative \u00a0\u00een vigoare.<\/p>\n<p>Serviciul are \u00een structura sa <strong>3 compartimente<\/strong> diferite, fiecare cu atribu\u0163ii specifice,\u00a0 care se intersecteaz\u0103 \u00a0\u00eens\u0103 \u00een anumite puncte .<\/p>\n<p>In cadrul serviciului \u00a0\u00ee\u0219i \u00a0desf\u0103\u0219oar\u0103 \u00a0activitatea \u00a0un \u00a0num\u0103r \u00a0de \u00a014 \u00a0persoane.<\/p>\n<p><strong>COMPARTIMENT\u00a0\u00a0 BENEFICII\u00a0 \u00a0DE\u00a0 ASISTEN\u0162\u0102\u00a0\u00a0\u00a0 SOCIAL\u0102 <\/strong><\/p>\n<p><strong>\u00a0<\/strong><strong>Venitul\u00a0 minim\u00a0 garantat <\/strong><\/p>\n<p>\u00cen luna ianuarie 2017 existau un num\u0103r de \u00a0<strong>41<\/strong> familii sau persoane singure beneficiare de acest beneficiu social; \u00een decursul anului 2017 \u00a0s-au primit \u00a030 cereri noi, iar \u00a0\u00een luna decembrie \u00a02017 \u00a0au \u00a0fost\u00a0 \u00een\u00a0 \u00a0plat\u0103 \u00a0\u00a0<strong>49 \u00a0<\/strong>de <strong>\u00a0<\/strong>persoane singure sau familii.<\/p>\n<p>Pentru plata acestor persoane se prelucreaz\u0103 lunar o serie de acte prin care se dovede\u015fte c\u0103 sunt \u00eendrept\u0103\u0163i\u0163i \u00a0s\u0103 beneficieze \u00a0de ajutorul social; o parte din aceste acte sunt \u00eenaintate lunar \u00a0la A.J.P.I.S. Sibiu, \u00a0institu\u0163ie \u00a0care efectueaz\u0103 \u00a0plata \u00a0ajutorului \u00a0social.<\/p>\n<p><strong>Ajutoare de urgen\u0163\u0103 \u00a0\u015fi \u00a0ajutoare \u00a0de \u00a0\u00eenmorm\u00e2ntare\u00a0<\/strong><\/p>\n<ul>\n<li>acordarea unor ajutoare de urgen\u0163\u0103 pentru cazuri extreme \u015fi ajutoare de \u00eenmorm\u00e2ntare \u00a0pentru deces \u00een familia\u00a0 beneficiar\u0103 de ajutor social.<\/li>\n<\/ul>\n<p>\u00cen cursul anului 2017 au fost acordate un num\u0103r de\u00a0 <strong>8 \u00a0<\/strong>ajutoare de urgen\u0163\u0103; nu a fost acordat nici un ajutor de \u00eenmorm\u00e2ntare.<\/p>\n<p><strong>Ajutoarele pentru \u00eenc\u0103lzirea locuin\u0163ei <\/strong>se acord\u0103 \u00een perioada sezonului rece, pentru patru \u00a0categorii de beneficiari; sunt \u00a0\u00eendeplinite urm\u0103toarele \u00a0atribu\u0163ii:<\/p>\n<ul>\n<li>consilierea cet\u0103\u0163enilor \u015fi primirea cererilor, \u00eentocmirea referatelor, statelor de plat\u0103, a \u00a0rapoartelor\u00a0 statistice<\/li>\n<li>introducerea \u00een baza de date a \u00a0acestor cereri<\/li>\n<li>\u00eentocmirea lunar\u0103 a referatelor, tabelelor\u00a0si a rapoartelor statistice, \u00eenaintarea situa\u0163iilor la E-ON GAZ ,\u00a0 \u00a0S.C. ELECTRICA \u00a0\u015fi \u00a0AJ.P.I.S.Sibiu<\/li>\n<\/ul>\n<p><strong><em>\u00a0<\/em><\/strong>Situa\u0163ia statistic\u0103\u00a0 se prezint\u0103 astfel :<\/p>\n<p>&nbsp;<\/p>\n<table>\n<tbody>\n<tr>\n<td width=\"118\"><\/td>\n<td width=\"118\">Nr. Beneficiari<\/td>\n<td width=\"118\">Nr.beneficiari<\/td>\n<td width=\"118\">Nr. Beneficiari<\/td>\n<td width=\"119\">Nr.beneficiari<\/td>\n<\/tr>\n<tr>\n<td width=\"118\">\u00a0Luna<\/td>\n<td width=\"118\">\u00a0Gaze\u00a0 naturale<\/td>\n<td width=\"118\">Energie electric\u0103<\/td>\n<td width=\"118\">Lemne \u2013 pentru familiile f\u0103r\u0103 ajutor social<\/td>\n<td width=\"119\">Lemne \u2013 pentru familiile cu ajutor social<\/td>\n<\/tr>\n<tr>\n<td width=\"118\">Noiembrie 2017<\/td>\n<td width=\"118\">\u00a0\u00a0\u00a0\u00a0\u00a0 396<\/td>\n<td width=\"118\">\u00a0\u00a0\u00a0\u00a0\u00a0\u00a0\u00a0 8<\/td>\n<td width=\"118\">\u00a0\u00a0\u00a0\u00a0\u00a0\u00a0\u00a0\u00a0 \u00a0\u00a032<\/td>\n<td width=\"119\">\u00a0\u00a0\u00a0 \u00a0\u00a0\u00a028<\/td>\n<\/tr>\n<tr>\n<td width=\"118\">Decembrie 2017<\/td>\n<td width=\"118\">\u00a0\u00a0\u00a0\u00a0\u00a0\u00a0 419<\/td>\n<td width=\"118\">\u00a0\u00a0\u00a0\u00a0\u00a0\u00a0\u00a0 13<\/td>\n<td width=\"118\">\u00a0\u00a0\u00a0\u00a0\u00a0\u00a0\u00a0\u00a0\u00a0\u00a0 32<\/td>\n<td width=\"119\">\u00a0\u00a0\u00a0\u00a0\u00a0\u00a0 28<\/td>\n<\/tr>\n<\/tbody>\n<\/table>\n<p>&nbsp;<\/p>\n<p><strong>Aloca\u0163ii de stat pentru copii, indemniza\u0163ii \u00a0pentru cre\u015fterea copilului, stimulent de inser\u0163ie <\/strong><\/p>\n<p><strong>\u00a0<\/strong>Sunt preluate dosarele beneficiarilor, toate aceste \u00a0dosare sunt verificate\u00a0 \u015fi\u00a0 \u00eenaintate lunar la\u00a0 A.J.P.I.S.\u00a0 Sibiu, institu\u0163ie care\u00a0 efectueaz\u0103 plata \u00a0acestor beneficii sociale.<\/p>\n<p><strong>\u00a0<\/strong><\/p>\n<p><strong>\u00a0<\/strong>Situa\u0163ia statistic\u0103 \u00a0se \u00a0prezint\u0103 astfel:<\/p>\n<p><strong>\u00a0<\/strong><\/p>\n<table>\n<tbody>\n<tr>\n<td width=\"427\">Dosare\u00a0 &#8211; Aloca\u0163ii de stat pentru \u00a0copii<\/td>\n<td width=\"121\">\u00a0338 dosare<\/td>\n<\/tr>\n<tr>\n<td width=\"427\">Dosare &#8211; Indemniza\u0163ii \u00a0crestere copil<\/td>\n<td width=\"121\">\u00a0265 dosare<\/td>\n<\/tr>\n<tr>\n<td width=\"427\">Dosare &#8211; Indemnizatii<strong>\u00a0 <\/strong>acordate \u00een cazul copilul cu\u00a0 handicap \u015fi \/sau a p\u0103rintelui cu handicap<\/td>\n<td width=\"121\">\u00a010 dosare<\/td>\n<\/tr>\n<tr>\n<td width=\"427\">Dosare &#8211; Stimulente de inser\u0163ie<\/td>\n<td width=\"121\">\u00a0142 dosare<\/td>\n<\/tr>\n<tr>\n<td width=\"427\">Cereri &#8211; Modific\u0103ri la aloca\u0163ia de stat pentru copii \u00a0(cont bancar,<\/p>\n<p>schimbare de reprezentant\u00a0 legal, restan\u0163\u0103, schimbare de adres\u0103)<\/td>\n<td width=\"121\">\u00a0178 \u00a0dosare<\/td>\n<\/tr>\n<tr>\n<td width=\"427\">Anchete\u00a0 sociale \/ dosare \u00a0pentru familii cu copii afla\u0163i \u00een diferite<\/p>\n<p>situa\u0163ii \u00a0(n\u0103scu\u0163i \u00een str\u0103in\u0103tate, p\u0103rin\u0163i \u015fi copii pleca\u0163i \u00een<\/p>\n<p>str\u0103in\u0103tate, \u00a0familii cu copii \u00a0revenite \u00a0din str\u0103in\u0103tate ).<\/td>\n<td width=\"121\">\u00a058 anchete sociale \/dosare<\/td>\n<\/tr>\n<\/tbody>\n<\/table>\n<p>&nbsp;<\/p>\n<p><strong>Aloca\u0163ia pentru\u00a0 sus\u0163inerea familiei<\/strong><\/p>\n<p><strong>\u00a0<\/strong>\u00cen cazul acestui tip de beneficiu social sunt \u00eendeplinite urm\u0103toarele atribu\u021bii :<\/p>\n<p>Verificarea dosarelor, \u00eentocmirea de referate \u015fi dispozi\u0163ii, \u00eentocmire borderouri privind acordarea, modificarea cuantumului, \u00eencetarea acestui beneficiu social \u015fi predarea lor la A.J.P.I.S. Sibiu, institu\u0163ie care efectueaz\u0103 plata \u00a0acestui \u00a0beneficiu social.<\/p>\n<p>&nbsp;<\/p>\n<ul>\n<li>Actualizarea permanent\u0103 a bazei de date privind familiile beneficiare de aloca\u0163ie pentru sus\u0163inerea familiei<\/li>\n<\/ul>\n<p>&nbsp;<\/p>\n<p>Dinamica dosarelor pentru \u00a0acest \u00a0beneficiu social, pentru anul \u00a02017 se prezint\u0103 astfel:<\/p>\n<p>&nbsp;<\/p>\n<table>\n<tbody>\n<tr>\n<td width=\"283\">Dosare noi depuse<\/td>\n<td width=\"133\">\u00a0\u00a0\u00a0\u00a0\u00a0\u00a0\u00a0\u00a0\u00a0\u00a0\u00a0\u00a0\u00a0 74<\/td>\n<\/tr>\n<tr>\n<td width=\"283\">Dosare \u00eencetate din plat\u0103<\/td>\n<td width=\"133\">\u00a0\u00a0\u00a0\u00a0\u00a0\u00a0\u00a0\u00a0\u00a0\u00a0\u00a0\u00a0\u00a0 61<\/td>\n<\/tr>\n<tr>\n<td width=\"283\">Dosare \u00een care s-au efectuat modific\u0103ri<\/td>\n<td width=\"133\">\u00a0\u00a0\u00a0\u00a0\u00a0\u00a0\u00a0\u00a0\u00a0\u00a0\u00a0\u00a0\u00a0 59<\/td>\n<\/tr>\n<\/tbody>\n<\/table>\n<p>&nbsp;<\/p>\n<p>La sf\u00e2r\u015fitul anului 2017 \u00a0\u00een eviden\u0163a \u00a0noastr\u0103 au existat un num\u0103r de \u00a0<strong>165 <\/strong>de familii beneficiare de aloca\u0163ie pentru\u00a0 sus\u0163inerea familiei.<\/p>\n<p><strong>\u00a0<\/strong><strong>Stimulent educa\u0163ional \u2013 tichete de \u00a0gr\u0103dini\u0163\u0103 \u00a02017 <\/strong><\/p>\n<p><strong>\u00a0<\/strong>Din anul 2016 au fost\u00a0 implementate prevederile Legii nr.248\/2015\u00a0 privind stimularea particip\u0103rii \u00een \u00a0\u00eenv\u0103\u0163\u0103m\u00e2ntul\u00a0 pre\u015fcolar\u00a0 a copiilor provenind\u00a0 din familii defavorizate, cu modific\u0103rile \u015fi complet\u0103rile \u00a0ulterioare, fiind acordate\u00a0 tichete de gr\u0103dini\u021b\u0103 . <strong>\u00a0<\/strong><\/p>\n<p><strong>\u00a0\u00a0\u00a0\u00a0\u00a0\u00a0\u00a0\u00a0\u00a0\u00a0\u00a0 <\/strong>La nivelul serviciului au fost f\u0103cute urm\u0103toarele demersuri: informarea comunit\u0103\u0163ii locale cu privire la acest beneficiu social,\u00a0 identificarea beneficiarilor, preluarea \u015fi prelucrarea dosarelor \u2013 \u00eentocmirea referatelor, dispozi\u0163iilor, tabele, etc., conumicarea\u00a0 permanent\u0103 cu insti\u0163u\u0163iile de \u00a0\u00eenv\u0103\u0163\u0103m\u00e2nt \u00a0pre\u015fcolar.<\/p>\n<p><strong>\u00a0 \u00a0 \u00a0 \u00a0 \u00a0<\/strong><strong>\u00a0<\/strong>Tabelul urm\u0103tor reliefeaz\u0103 num\u0103rul copiilor care au beneficiat de \u00a0tichete de \u00a0gradini\u0163\u0103 ( conform\u00a0 prevederilor legale \u00een lunile iulie , august nu\u00a0 se acord\u0103\u00a0 aceste tichete ) :<\/p>\n<p>&nbsp;<\/p>\n<table>\n<tbody>\n<tr>\n<td width=\"56\">Nr.crt.<\/td>\n<td width=\"132\">\u00a0Luna<\/td>\n<td width=\"181\">Num\u0103r copii beneficiari de stimulent educa\u0163ional<\/td>\n<\/tr>\n<tr>\n<td width=\"56\">\u00a0 1.<\/td>\n<td width=\"132\">\u00a0Ianuarie<\/td>\n<td width=\"181\">\u00a0\u00a0\u00a0\u00a0\u00a0\u00a0\u00a0 24<\/td>\n<\/tr>\n<tr>\n<td width=\"56\">\u00a0 2.<\/td>\n<td width=\"132\">\u00a0Februarie<\/td>\n<td width=\"181\">\u00a0\u00a0\u00a0\u00a0\u00a0\u00a0\u00a0 30<\/td>\n<\/tr>\n<tr>\n<td width=\"56\">\u00a0 3.<\/td>\n<td width=\"132\">\u00a0Martie<\/td>\n<td width=\"181\">\u00a0\u00a0\u00a0\u00a0\u00a0\u00a0\u00a0 27<\/td>\n<\/tr>\n<tr>\n<td width=\"56\">\u00a0 4.<\/td>\n<td width=\"132\">\u00a0Aprilie<\/td>\n<td width=\"181\">\u00a0\u00a0\u00a0\u00a0\u00a0\u00a0\u00a0 26<\/td>\n<\/tr>\n<tr>\n<td width=\"56\">\u00a0 5.<\/td>\n<td width=\"132\">\u00a0Mai<\/td>\n<td width=\"181\">\u00a0\u00a0\u00a0\u00a0\u00a0\u00a0\u00a0 28<\/td>\n<\/tr>\n<tr>\n<td width=\"56\">\u00a0 6.<\/td>\n<td width=\"132\">\u00a0Iunie<\/td>\n<td width=\"181\">\u00a0\u00a0\u00a0\u00a0\u00a0\u00a0\u00a0 26<\/td>\n<\/tr>\n<tr>\n<td width=\"56\">\u00a0 7.<\/td>\n<td width=\"132\">\u00a0Septembrie<\/td>\n<td width=\"181\">\u00a0\u00a0\u00a0\u00a0\u00a0\u00a0\u00a0 20<\/td>\n<\/tr>\n<tr>\n<td width=\"56\">\u00a0 8.<\/td>\n<td width=\"132\">\u00a0Octombrie<\/td>\n<td width=\"181\">\u00a0\u00a0\u00a0\u00a0\u00a0\u00a0\u00a0 28<\/td>\n<\/tr>\n<tr>\n<td width=\"56\">\u00a0 9.<\/td>\n<td width=\"132\">Noiembrie<\/td>\n<td width=\"181\">\u00a0\u00a0\u00a0\u00a0\u00a0\u00a0\u00a0 30<\/td>\n<\/tr>\n<tr>\n<td width=\"56\">\u00a0 10.<\/td>\n<td width=\"132\">Decembrie<\/td>\n<td width=\"181\">\u00a0\u00a0\u00a0\u00a0\u00a0\u00a0\u00a0 30<\/td>\n<\/tr>\n<\/tbody>\n<\/table>\n<p><strong>\u00a0<\/strong><\/p>\n<p><strong>Abonamente \u00a0gratuite pentru \u00a0transportul \u00a0urban \u00een comun, \u00a0<\/strong>eviden\u0163a \u015fi \u00a0distribuirea lor, pentru \u00a0urm\u0103toarele \u00a0categorii \u00a0de beneficiari: persoane cu \u00a0handicap accentuat \u015fi grav precum \u015fi asisten\u0163ii personali ai acestora, veterani de r\u0103zboi \u015fi v\u0103duvele acestora, deporta\u0163i, \u00a0refugia\u0163i, \u00a0\u00a0de\u0163inu\u0163i \u00a0politici, eroi \u00a0ai \u00a0revolu\u0163iei \u00a0din decembrie \u00a01989.<\/p>\n<p>\u00centocmirea de rapoarte lunare c\u0103tre \u00a0Consiliul \u00a0Local \u015fi a \u00a0tabelelor cu \u00a0beneficiarii acestor facilit\u0103\u0163i.<\/p>\n<p>La sf\u00e2r\u015fitul anului 2017 au fost \u00a0<strong>1043 <\/strong>\u00a0persoane care au beneficiat de astfel de abonamente gratuite.<\/p>\n<p>&nbsp;<\/p>\n<p><strong>Abonamente gratuite pentru transportul urban \u00een comun<\/strong> <strong>pentru pensionari <\/strong>\u00centocmirea de rapoarte lunare c\u0103tre Consiliul Local \u015fi a tabelelor cu beneficiarii acestor facilit\u0103\u0163i.<\/p>\n<p>La sf\u00e2r\u015fitul anului 2017 \u00a0\u00een eviden\u0163a noastr\u0103 au fost \u00a0\u00a0<strong>8971 <\/strong>\u00a0de pensionari care au beneficiat de astfel \u00a0de abonamete \u00a0gratuite.<\/p>\n<p><strong>M\u0103suri de suport \u015fi \u00a0sprijin\u00a0 pentru\u00a0 persoane\u00a0 v\u00e2rstnice <\/strong><\/p>\n<p>Pentru anul 2017 la nivelul \u00a0Consiliului \u00a0Local Media\u015f au fost stabilite \u00a0m\u0103suri de suport \u015fi sprijin pentru persoanele \u00a0v\u00e2rstnice care \u00a0au fost puse \u00een aplicare de c\u0103tre D.A.S.Media\u015f, \u015fi anume :<\/p>\n<ul>\n<li>premierea (sub forma acord\u0103rii unor drepturi b\u0103ne\u015fti \u00eentr-un cadru festiv)\u00a0 persoanelor v\u00e2rstnice care au \u00eemplinit 80 de ani \u00a0( 372 \u00a0de persoane premiate) \u015fi\u00a0 premierea familiilor care au \u00a0aniversat 50 de ani de c\u0103s\u0103torie \u00a0(100 familii premiate ).<\/li>\n<li>acordarea unui ajutor material\u00a0 const\u00e2nd\u00a0\u00a0 \u00een\u00a0 tichete sociale \u00een valoare de 100 lei \/ persoan\u0103 cu ocazia a 2 evenimente din an categoriei de pensionari cu venitul de p\u00e2n\u0103 la \u00a0600 lei\/lun\u0103 .<\/li>\n<\/ul>\n<p><strong>\u00a0<\/strong><\/p>\n<table>\n<tbody>\n<tr>\n<td width=\"211\">\u00a0\u00a0\u00a0\u00a0\u00a0\u00a0\u00a0\u00a0 Eveniment<\/td>\n<td width=\"181\">\u00a0 Num\u0103r<\/p>\n<p>beneficiari tichete<\/p>\n<p>sociale<\/td>\n<\/tr>\n<tr>\n<td width=\"211\">S\u0103rb\u0103torile de Pa\u015fti<\/td>\n<td width=\"181\"><strong>\u00a0\u00a0\u00a0\u00a0\u00a0 <\/strong>594\u00a0 v\u00e2rstnici<\/td>\n<\/tr>\n<tr>\n<td width=\"211\">S\u0103rb\u0103torile de Cr\u0103ciun<\/td>\n<td width=\"181\">\u00a0\u00a0\u00a0\u00a0\u00a0 457 \u00a0v\u00e2rstnici<\/td>\n<\/tr>\n<\/tbody>\n<\/table>\n<p><strong>\u00a0<\/strong><\/p>\n<p><strong>COMPARTIMENT \u00a0SERVICII \u00a0SOCIALE <\/strong><\/p>\n<p><strong>\u00a0<\/strong><strong>Cantina de \u00a0Ajutor \u00a0Social <\/strong><\/p>\n<p>Beneficiaz\u0103\u00a0 de serviciile\u00a0 Cantinei de Ajutor\u00a0 Social\u00a0 persoane\u00a0 aflate \u00een situa\u021bii economico-sociale sau\u00a0 medicale deosebite , fiind \u00eendeplinite urm\u0103toarele atribu\u021bii :<\/p>\n<ul>\n<li>\u00eentocmirea tabelelor lunare cu beneficiarii, a\u00a0 referatelor \u015fi a dispozi\u0163iilor pentru acordare sau sistare de hran\u0103, a\u00a0\u00a0 referatelor \u015fi a\u00a0 dispozi\u0163iilor\u00a0 de aloca\u0163ie de hran\u0103 ( suma necesar\u0103 lunar ), efectuarea periodic\u0103 a anchetelor sociale la domiciliul beneficiarilor \u00een \u00a0vederea \u00a0reevaluarii \u00a0situa\u0163iei \u00a0socio-financiare \u00a0a familiilor<\/li>\n<li>colaborare cu S.C.ARIS S.R.L., societatea care se ocup\u0103 cu prepararea \u015fi distribuirea hranei\u00a0 zilnice\u00a0 beneficiarilor.<\/li>\n<\/ul>\n<p>Situa\u0163ia lunar\u0103 \u00a0a por\u0163iilor de \u00a0hrana acordate,\u00a0\u00a0 anul\u00a0 2017 se prezint\u0103 astfel :<\/p>\n<p>&nbsp;<\/p>\n<table>\n<tbody>\n<tr>\n<td width=\"187\">Luna<\/td>\n<td width=\"133\">Num\u0103r por\u0163ii<\/td>\n<\/tr>\n<tr>\n<td width=\"187\">Ianuarie<\/td>\n<td width=\"133\">\u00a0\u00a077<\/td>\n<\/tr>\n<tr>\n<td width=\"187\">Februarie<\/td>\n<td width=\"133\">\u00a0\u00a077<\/td>\n<\/tr>\n<tr>\n<td width=\"187\">Martie<\/td>\n<td width=\"133\">\u00a0\u00a079<\/td>\n<\/tr>\n<tr>\n<td width=\"187\">Aprilie<\/td>\n<td width=\"133\">\u00a0 79<\/td>\n<\/tr>\n<tr>\n<td width=\"187\">Mai<\/td>\n<td width=\"133\">\u00a0\u00a079<\/td>\n<\/tr>\n<tr>\n<td width=\"187\">Iunie<\/td>\n<td width=\"133\">\u00a0\u00a080<\/td>\n<\/tr>\n<tr>\n<td width=\"187\">Iulie<\/td>\n<td width=\"133\">\u00a0\u00a075<\/td>\n<\/tr>\n<tr>\n<td width=\"187\">August<\/td>\n<td width=\"133\">\u00a0\u00a075<\/td>\n<\/tr>\n<tr>\n<td width=\"187\">Septembrie<\/td>\n<td width=\"133\">\u00a0 75<\/td>\n<\/tr>\n<tr>\n<td width=\"187\">Octombrie<\/td>\n<td width=\"133\">\u00a0\u00a075<\/td>\n<\/tr>\n<tr>\n<td width=\"187\">\u00a0Noiembrie<\/td>\n<td width=\"133\">\u00a0\u00a075<\/td>\n<\/tr>\n<tr>\n<td width=\"187\">Decembrie<\/td>\n<td width=\"133\">\u00a0\u00a075<\/td>\n<\/tr>\n<\/tbody>\n<\/table>\n<p>&nbsp;<\/p>\n<p><strong>Protec\u0163ia \u00a0copilului <\/strong><\/p>\n<ul>\n<li>\u00a0\u00centocmirea de\u00a0 anchete sociale pentru copiii\u00a0 afla\u0163i \u00een dificultate, la solicitarea institu\u0163iilor sau din oficiu &#8211; un num\u0103r de \u00a0<strong>117 <\/strong>\u00a0anchete sociale \u00eentocmite;<\/li>\n<li>\u00centocmirea de rapoarte psiho &#8211; sociale \u00a0pentru minorii care sunt reda\u0163i \u00een familie sau pentru men\u0163inerea lor \u00een institu\u0163ii de ocrotire, fi\u015fe de monitorizare\u00a0 pentru minorii afla\u0163i \u00een dificultate,\u00a0 \u00een vederea red\u0103rii lor \u00een familia de provenien\u0163\u0103 sau luarea unei m\u0103suri\u00a0 de protec\u0163ie\u00a0 &#8211; un num\u0103r de <strong>86 <\/strong>de\u00a0 rapoarte \u015fi\u00a0 fi\u015fe de monitorizare.<\/li>\n<li>\u00centocmirea de planuri de servicii \u00een vederea prevenirii separ\u0103rii copiilor de familia de provenien\u0163\u0103 &#8211; un num\u0103r de\u00a0 <strong>53 \u00a0<\/strong>\u00a0planuri de servicii<\/li>\n<li>Verific\u0103ri periodice \u00een teren \u00eempreun\u0103 cu reprezentan\u0163ii Direc\u0163iei Generale de Asisten\u0163\u0103 Social\u0103 \u015fi Protec\u0163ia Copilului Sibiu<\/li>\n<\/ul>\n<p>\u00cen preajma s\u0103rb\u0103torilor religioase de iarn\u0103,\u00a0 au fost distribuite un num\u0103r de aproximativ 3500\u00a0 de pachete cadou copiilor cu v\u00e2rsta p\u00e2n\u0103 la 14 ani din municipiul nostru. Aceste pachete au fost donate de\u00a0\u00a0 Asocia\u0163ia\u00a0\u00a0 Kleiner\u00a0\u00a0 Prinz\u00a0\u00a0 din\u00a0 Germania,\u00a0 asocia\u021bie\u00a0 care a dezvoltat \u00een timp o\u00a0 rela\u021bie\u00a0 de\u00a0 colaborare\u00a0 cu municipalitatea\u00a0\u00a0 medie\u0219an\u0103 .<\/p>\n<p><strong>Persoane cu handicap <\/strong><\/p>\n<ul>\n<li>\u00centocmirea de\u00a0 anchete sociale pentru persoanele cu handicap grav, accentuat sau mediu,\u00a0 adul\u0163i \u015fi copii,\u00a0 necesare la comisia de expertiz\u0103 \u00a0pentru adul\u0163i, respectiv pentru comisia pentru protec\u0163ia copilului Sibiu,\u00a0 pentru evaluarea sau reevaluarea cazului, sau pentru internarea \u00eentr-un centru specializat &#8211; \u00een medie\u00a0 45\u00a0 anchete sociale \/ lun\u0103 .<\/li>\n<li>\u00centocmirea periodic\u0103 de anchete sociale pentru persoanele cu handicap grav\u00a0 care solicit\u0103 acordarea indemniza\u0163iei sau asistent personal<\/li>\n<li>\u00centocmirea Contractelor cu familiile\u00a0 copiilor cu dizabilit\u0103\u021bi \u0219i \/sau cu cerin\u021be educa\u021bionale speciale, \u00een\u00a0 vederea implement\u0103rii \u0219i monitoriz\u0103rii Planului de abilitare\/reabilitare\u00a0 a acestor copii<\/li>\n<\/ul>\n<p>Speciali\u015ftii din cadrul serviciului acord\u0103 permanent servicii sociale de informare , consiliere social\u0103\u00a0 persoanelor\u00a0 cu privire\u00a0 la procedura \u00eencadr\u0103rii \u00een grad de handicap, exist\u00e2nd o bun\u0103 colaborare cu Comisia de Evaluare\u00a0 Complex\u0103 a Persoanelor\u00a0\u00a0 Adulte\u00a0 pentru\u00a0 \u00eencadrarea\u00a0 \u00een grad de handicap\u00a0 din cadrul\u00a0 D.G.A.S.P.C. Sibiu care \u00ee\u015fi\u00a0 desf\u0103\u015foar\u0103\u00a0 activitatea\u00a0 de dou\u0103 \u00a0ori pe lun\u0103 la sediul\u00a0\u00a0 direc\u021biei \u00a0\u00a0noastre.<\/p>\n<p>\u00cen eviden\u0163a\u00a0 D.A.S. Media\u015f\u00a0 se afl\u0103\u00a0\u00a0 asisten\u0163ii\u00a0 personali pentru persoanele cu handicap grav , angaja\u0163i cu contract individual de munc\u0103 , \u00a0\u00een\u00a0 conformitate cu\u00a0\u00a0 prevederile legale.<\/p>\n<p>Situa\u0163ia\u00a0 statistic\u0103\u00a0 se\u00a0 prezint\u0103\u00a0 astfel :<\/p>\n<p>&nbsp;<\/p>\n<table>\n<tbody>\n<tr>\n<td width=\"31\">Nr.<\/td>\n<td width=\"216\">Luna<\/td>\n<td width=\"124\">Numar total asisten\u0163i personali<\/td>\n<td width=\"124\">Numar asisten\u0163i personali pentru adulti cu handicap grav<\/td>\n<td width=\"124\">Numar asisten\u0163i personali pentru copii\u00a0 cu handicap grav<\/td>\n<\/tr>\n<tr>\n<td width=\"31\">\u00a01<\/td>\n<td width=\"216\">Ianuarie\u00a0 2017<\/td>\n<td width=\"124\">\u00a084<\/td>\n<td width=\"124\">\u00a0\u00a0 70<\/td>\n<td width=\"124\">\u00a0\u00a0 14<\/td>\n<\/tr>\n<tr>\n<td width=\"31\">\u00a02<\/td>\n<td width=\"216\">Februarie 2017<\/td>\n<td width=\"124\">\u00a084<\/td>\n<td width=\"124\">\u00a0\u00a0 71<\/td>\n<td width=\"124\">\u00a0\u00a0 13<\/td>\n<\/tr>\n<tr>\n<td width=\"31\">\u00a03<\/td>\n<td width=\"216\">Martie 2017<\/td>\n<td width=\"124\">\u00a087<\/td>\n<td width=\"124\">\u00a0\u00a0 74<\/td>\n<td width=\"124\">\u00a0\u00a0 13<\/td>\n<\/tr>\n<tr>\n<td width=\"31\">\u00a04<\/td>\n<td width=\"216\">Aprilie 2017<\/td>\n<td width=\"124\">\u00a087<\/td>\n<td width=\"124\">\u00a0\u00a0 74<\/td>\n<td width=\"124\">\u00a0\u00a0 13<\/td>\n<\/tr>\n<tr>\n<td width=\"31\">\u00a05<\/td>\n<td width=\"216\">Mai 2017<\/td>\n<td width=\"124\">\u00a088<\/td>\n<td width=\"124\">\u00a0\u00a0 75<\/td>\n<td width=\"124\">\u00a0\u00a0 13<\/td>\n<\/tr>\n<tr>\n<td width=\"31\">\u00a06<\/td>\n<td width=\"216\">Iunie 2017<\/td>\n<td width=\"124\">\u00a089<\/td>\n<td width=\"124\">\u00a0\u00a0 76<\/td>\n<td width=\"124\">\u00a0\u00a0 13<\/td>\n<\/tr>\n<tr>\n<td width=\"31\">\u00a07<\/td>\n<td width=\"216\">Iulie\u00a0\u00a0\u00a0 2017<\/td>\n<td width=\"124\">\u00a091<\/td>\n<td width=\"124\">\u00a0\u00a0 77<\/td>\n<td width=\"124\">\u00a0\u00a0 14<\/td>\n<\/tr>\n<tr>\n<td width=\"31\">\u00a08<\/td>\n<td width=\"216\">August\u00a0\u00a0 2017<\/td>\n<td width=\"124\">\u00a089<\/td>\n<td width=\"124\">\u00a0\u00a0 75<\/td>\n<td width=\"124\">\u00a0\u00a0 14<\/td>\n<\/tr>\n<tr>\n<td width=\"31\">\u00a09<\/td>\n<td width=\"216\">Septembrie\u00a0\u00a0 2017<\/td>\n<td width=\"124\">\u00a089<\/td>\n<td width=\"124\">\u00a0\u00a0 75<\/td>\n<td width=\"124\">\u00a0\u00a0 14<\/td>\n<\/tr>\n<tr>\n<td width=\"31\">\u00a010<\/td>\n<td width=\"216\">Octombrie \u00a0\u00a02017<\/td>\n<td width=\"124\">\u00a088<\/td>\n<td width=\"124\">\u00a0\u00a0 72<\/td>\n<td width=\"124\">\u00a0\u00a0 16<\/td>\n<\/tr>\n<tr>\n<td width=\"31\">\u00a011<\/td>\n<td width=\"216\">Noiembrie\u00a0\u00a0\u00a0\u00a0 2017<\/td>\n<td width=\"124\">\u00a088<\/td>\n<td width=\"124\">\u00a0\u00a0 70<\/td>\n<td width=\"124\">\u00a0\u00a0 18<\/td>\n<\/tr>\n<tr>\n<td width=\"31\">\u00a012<\/td>\n<td width=\"216\">Decembrie\u00a0 2017<\/td>\n<td width=\"124\">\u00a090<\/td>\n<td width=\"124\">\u00a0\u00a0 70<\/td>\n<td width=\"124\">\u00a0\u00a0 20<\/td>\n<\/tr>\n<\/tbody>\n<\/table>\n<p>&nbsp;<\/p>\n<p>De asemenea este acordat\u0103 indemniza\u0163ia\u00a0\u00a0 pentru\u00a0 persoanele cu handicap grav persoanelor \u00a0care opteaz\u0103\u00a0 \u00a0pentru \u00a0acest\u00a0\u00a0 beneficiu\u00a0 social\u00a0\u00a0 \u00een \u00a0\u00a0locul\u00a0\u00a0 asistentului\u00a0\u00a0 personal.<\/p>\n<p>Num\u0103rul total\u00a0 la sf\u00e2r\u015fitul\u00a0 anului\u00a0\u00a0\u00a0 2017\u00a0\u00a0 a fost\u00a0 de\u00a0\u00a0 284\u00a0\u00a0\u00a0 indemniza\u0163ii pentru persoanele cu handicap\u00a0 grav.<\/p>\n<p>Pentru a veni \u00een \u00a0sprijinul \u00a0persoanelor cu handicap \u00a0din \u00a0municipiul nostru, au fost acordate \u00a0subven\u0163ii, \u00een anul 2017, conform \u00a0Legii nr. 34\/1998 \u00a0privind acordarea unor subven\u0163ii asocia\u0163iilor \u015fi funda\u0163iilor \u00a0rom\u00e2ne cu personalitate juridic\u0103, care \u00eenfiin\u0163eaz\u0103 \u015fi administreaz\u0103 unit\u0103\u0163i de asisten\u0163\u0103 social\u0103, pentru \u00a0Asocia\u0163ia Phoenix \u00a0Speran\u0163a,\u00a0 ARPEHAM Media\u015f \u0219i\u00a0\u00a0\u00a0 Caritas\u00a0 Mitropolitan\u00a0 Greco \u00a0Catolic\u00a0 Blaj &#8211;\u00a0 Pruncul\u00a0 Isus \u00a0\u00a0Media\u0219 .<\/p>\n<p><strong>Persoane v\u00e2rstnice <\/strong><\/p>\n<ul>\n<li>\u00eentocmirea de anchete sociale pentru persoanele v\u00e2rstnice \u00een vederea intern\u0103rii lor \u00een centre reziden\u021biale \u00a0pe perioad\u0103 \u00a0determinat\u0103 sau nedeterminat\u0103 \u00a0de timp \u2013<strong>43 \u00a0\u00a0<\/strong>anchete sociale<\/li>\n<\/ul>\n<p>\u00centocmirea\u00a0 anchetelor\u00a0 sociale la solicitarea diferitelor\u00a0 institu\u0163ii: la solicitarea institu\u0163iilor de \u00eenv\u0103\u0163\u0103m\u00e2nt pentru elevi \u00een vederea acord\u0103rii drepturilor b\u0103ne\u015fti \u00een cadrul programului \u00a0\u201eBani de liceu\u201c , la solicitarea Casei \u00a0Jude\u0163ene de Pensii \u00a0Sibiu, \u00a0la solicitarea \u00a0Judec\u0103toriei \u00a0municipiului Media\u015f \u00een vederea \u00a0instituirea \u00a0curatelei \u00a0pentru\u00a0 persoane\u00a0 \u00een dificultate, \u00a0la solicitarea\u00a0 centrelor\u00a0 reziden\u021biale ,\u00a0 etc.<\/p>\n<p><strong>COMPARTIMENT LOCUIN\u0162E SOCIALE \u015eI COMPARTIMENT LOCUIN\u0162E DE \u00a0NECESITATE <\/strong><\/p>\n<p>Direc\u021bia de Asisten\u021b\u0103\u00a0 Social\u0103 Media\u0219\u00a0 administreaz\u0103 fondul\u00a0 locuin\u021belor sociale din municipiul nostru , \u00a0\u00een conformitate\u00a0 cu prevederile legale.<\/p>\n<p>Astfel sunt\u00a0 \u00eendeplinite\u00a0 urm\u0103toarele\u00a0 atribu\u021bii :<\/p>\n<ul>\n<li>evaluarea \u015fi verificarea periodic\u0103 a situa\u0163iei socio-economice pentru familiile care de\u0163in\u00a0 locuin\u0163e sociale \u015fi \u00a0de \u00a0\u00a0necesitate<\/li>\n<li>\u00eentocmirea a <strong>46 \u00a0\u00a0<\/strong>de contracte de \u00eenchiriere pentru\u00a0 titularii de locuin\u0163e sociale \u015fi acte adi\u0163ionale pentru prelungirea de contracte de \u00eenchiriere<\/li>\n<li>\u00eentocmirea Listei de priorit\u0103\u0163i pe anul 2017; au fost depuse \u00a0<strong>71\u00a0 \u00a0<\/strong>dosare care au fost analizate \u015fi cuprinse \u00een Lista de priorit\u0103\u0163i pentru anul 2017 \u00a0\u00a0aprobat\u0103\u00a0 prin hot\u0103r\u00e2re de consiliu local.<\/li>\n<li>a\u00a0 fost\u00a0 repartizat\u0103\u00a0 o singur\u0103 \u00a0\u00a0locuin\u0163\u0103 \u00a0social\u0103.<\/li>\n<li>anchete sociale \u015fi r\u0103spunsuri pentru <strong>\u00a0<\/strong>de cet\u0103\u0163eni care s-au adresat institu\u0163iilor superioare (Prefectura Sibiu, Guvern, Parlament, Pre\u015fedin\u0163ie) pentru ob\u0163inerea unei locuin\u0163e sociale \u015fi <strong>\u00a0<\/strong>de r\u0103spunsuri date persoanelor care au\u00a0 solicitat o locuin\u0163\u0103 social\u0103 \u00a0&#8211; 32<\/li>\n<li>adrese periodice pentru beneficiarii de locuin\u0163\u0103 social\u0103 cu privire la obliga\u0163iile prev\u0103zute \u00een\u00a0 contractele de \u00eenchiriere\u00a0 &#8211;\u00a0 <strong>45 \u00a0\u00a0<\/strong>adrese<\/li>\n<li>verificarea\u00a0 periodic\u0103 a locuin\u0163elor sociale \u015fi de necesitate,\u00a0 \u00een vederea solu\u0163ion\u0103rii problemelor existente \u015fi a conserv\u0103rii \u015fi \u00eentre\u0163inerii fondului existent de locuin\u0163e sociale precum \u015fi consilierea si orientarea cet\u0103\u0163enilor cu privire la prevederile Legii nr. 114\/1996, \u00a0\u00a0Legea\u00a0 locuin\u0163elor\u00a0 cu\u00a0 modific\u0103rile \u00a0\u015fi \u00a0complet\u0103rile \u00a0ulterioare.<\/li>\n<\/ul>\n<p><strong>SERVICIUL \u00a0CONTABILITATE \u00a0RESURSE UMANE ADMINISTRATIV \u00a0IT<\/strong><\/p>\n<p>In\u00a0 cadrul serviciului\u00a0 \u00ee\u0219i desf\u0103\u0219oar\u0103\u00a0\u00a0 activitatea un\u00a0 num\u0103r\u00a0 de 11\u00a0 persoane .<\/p>\n<p><strong>\u00a0<\/strong><strong>COMPARTIMENT \u00a0RESURSE \u00a0UMANE<\/strong><\/p>\n<p><strong>\u00a0<\/strong>-a asigurat organizarea \u015fi desf\u0103\u015furarera concursurilor de recrutare sau, dup\u0103 caz, de promovare pentru ocuparea posturilor vacante sau temporar vacante din cadrul Directiei de Asisten\u0163\u0103 Social\u0103 , a verificat \u00eendeplinirea de c\u0103tre participan\u0163i a condi\u0163iilor prev\u0103zute de lege, precum \u015fi angajarea personalului pe baz\u0103 de competen\u0163\u0103 ca urmare a promov\u0103rii concursurilor;<\/p>\n<p>-a urm\u0103rit respectarea legalit\u0103\u0163ii privind angajarea \u015fi acordarea tuturor drepturilor prev\u0103zute de legisla\u0163ia muncii pentru personalul\u00a0 direc\u021biei ;<\/p>\n<p>&#8211; a preg\u0103tit documentele necesare \u00een vederea supunerii dezbaterii \u015fi aprob\u0103rii de c\u0103tre Consiliul Local al Municipiului Media\u015f a organigramei si a statului de func\u0163ii al Direc\u0163iei de Asisten\u0163\u0103 Social\u0103;<\/p>\n<p>&#8211; a \u0163inut eviden\u0163a fi\u015felor de post \u015fi a fi\u0219elor de evaluare, a urm\u0103rit corelarea acestora cu atribu\u0163iile din Regulamentul de Organizare \u015fi Func\u0163ionare;<\/p>\n<p>&#8211; a solicitat avize la Agen\u0163ia Na\u0163ional\u0103 a Func\u0163ionarilor Publici, pentru aplicarea corect\u0103 a prevederilor legale \u00een domeniul de activitate;<\/p>\n<p>&#8211; a organizat \u015fi a \u0163inut la zi\u00a0 eviden\u0163a personalului din cadrul Direc\u0163iei de Asisten\u0163\u0103 Social\u0103;<\/p>\n<p>-a efectuat lucr\u0103ri legate de \u00eencadrarea, promovarea, definitivarea, mutarea, transferul \u00een interesul serviciului sau dup\u0103 caz, la cerere, deta\u015farea sau \u00eencetarea raportului de munc\u0103\/de serviciu al personalului din cadrul\u00a0 Direc\u0163iei de Asisten\u0163\u0103 Social\u0103;<\/p>\n<p>&#8211; a \u00eentocmit decizii de angajare, promovare \u015fi definitivare \u00een func\u0163ii, de sanc\u0163ionare \u015fi \u00eencetare a raportului de munc\u0103\/de serviciu etc.;<\/p>\n<p>&#8211; a \u00eentocmit \u015fi eliberat legitima\u0163ii de serviciu;<\/p>\n<p>&#8211; s-a ocupat de rezolvarea reclama\u0163iilor, sesiz\u0103rilor \u015fi conflictelor de munc\u0103 care revin \u00een competen\u0163a serviciului;<\/p>\n<p>&#8211; a \u00eentocmit \u015fi eliberat adeverin\u0163e cu privire la modific\u0103rile de drepturi salariale, determinate de major\u0103ri, promov\u0103ri \u00een func\u0163ii \u015fi \u00een grade profesionale, etc.;<\/p>\n<p>&#8211; a gestionat dosarele profesionale pentru personalul din cadrul Direc\u0163iei de Asisten\u0163\u0103 Social\u0103;<\/p>\n<p>&#8211; a eliberat adeverin\u0163e privind calitatea de salariat, la cerere;<\/p>\n<p>&#8211; a rezolvat sesiz\u0103ri \u015fi reclama\u0163ii referitoare la activitatea de personal, salarizare;\u00a0 organizare din cadrul serviciilor Direc\u0163iei de Asisten\u0163\u0103 Social\u0103;<\/p>\n<p><strong>\u00a0<\/strong><strong>COMPARTIMENT \u00a0FINANCIAR \u00a0CONTABILITATE <\/strong><\/p>\n<p>Compartimentul financiar contabilitate este compartimentul de specialitate din cadrul Direc\u0163iei de Asisten\u0163\u0103 Social\u0103 prin intermediul c\u0103ruia se asigur\u0103 managementul financiar contabil pentru \u00eentreaga \u00a0activitate \u00a0economic\u0103 \u00a0a \u00a0institu\u0163iei.<\/p>\n<p>Compartimentul financiar contabilitate a gestionat \u00een anul 2017 \u00a0bugetul pentru activit\u0103\u0163i finan\u0163ate din buget local\u00a0 \u00een sum\u0103 de\u00a0 7.620.005 lei \u0219i din bugetul de stat \u00een sum\u0103 de 4.583.974\u00a0 lei<\/p>\n<p>Toate opera\u0163iunile contabile au fost efectuate \u00een conformitate cu prevederile Legii Contabilit\u0103\u0163ii.<\/p>\n<p><strong>COMPARTIMENT ADMINISTRATIV \u00a0IT<\/strong><\/p>\n<p><strong>\u00a0<\/strong>\u00cen cadrul acestui compartiment s-a avut \u00een vedere\u00a0 re\u00eennoirea tuturor contractelor\u00a0 de achizi\u0163ie pentru materiale\u00a0 precum \u015fi a celor de prest\u0103ri\u00a0 servicii pentru Direc\u0163ia de Asisten\u0163\u0103\u00a0\u00a0 Social\u0103.<\/p>\n<p><strong>\u00a0<\/strong>Direc\u0163ia de Asisten\u0163\u0103 Social\u0103 Media\u015f este cea care urm\u0103re\u015fte punerea \u00een aplicare a mandatelor de executare cu munc\u0103 \u00een folosul comunit\u0103\u0163ii , \u00een conformitate cu sentin\u021bele judec\u0103tore\u0219ti .<\/p>\n<p>\u00cen acest sens au fost \u00eendeplinite urm\u0103toarele atribu\u021bii :<\/p>\n<p>&#8211;\u00a0 eviden\u021ba\u00a0 mandatelor de executare;<\/p>\n<p>&#8211; stabilirea\u00a0 con\u021binutului \u00a0activit\u0103\u021bii ce urmeaz\u0103 s\u0103 fie prestat\u0103 de contravenien\u021bi \u00een baza H.C.L. Media\u0219\u00a0 privind stabilirea domeniilor serviciilor publice \u0219i locurile \u00een care contravenien\u021bii vor presta activit\u0103\u021bi \u00a0\u00een folosul comunit\u0103\u021bii;<\/p>\n<p>&#8211; s-a \u021binut eviden\u021ba orelor prestate de contravenien\u021bi \u0219i au fost\u00a0 comunicate instan\u021belor de judecat\u0103\u00a0 efectuarea lor dar \u0219i cazurile \u00een care contravenien\u021bii cu rea-voin\u021b\u0103 s-au sustras de la executarea orelor, solicit\u00e2nd transformarea muncii \u00een folosul comunit\u0103\u021bii cu sanc\u021biunea amenzii.<\/p>\n<p>Pe tot parcursul anului \u00a02017\u00a0 au fost f\u0103cute toate demersurile\u00a0 pentru ducerea la \u00eendeplinire a mandatelor de executare, \u00een sensul c\u0103\u00a0 reprezentantul \u00a0D.A.S.Media\u0219\u00a0\u00a0 \u00eenso\u021bit de\u00a0 echipaje ale Poli\u0163iei Locale s-a \u00a0deplasat la domiciliile celor \u00een cauz\u0103 pentru a-i informa de existen\u0163a mandatelor \u015fi a-i determina s\u0103 le \u00a0duc\u0103 la\u00a0 \u00eendeplinire.<\/p>\n<p>De asemenea a existat o colaborare \u00a0permanent\u0103 \u00a0cu organele abilitate, Judec\u0103toria Media\u0219, Poli\u0163ia Local\u0103, \u00a0Poli\u0163ia \u00a0municipiului Media\u0219\u00a0 \u00a0dar \u015fi cu \u00a0S.P.C.L.E.P. Media\u015f, \u00a0\u00een special \u00een vederea identific\u0103rii domiciliilor celor care trebuie s\u0103 execute munca \u00een folosul comunit\u0103\u0163ii. \u00a0S-a \u00a0colaborat \u00a0de asemenea cu Direc\u021bia de Administrare a Domeniului Public\u00a0 Media\u0219 , U.A.M.S. Media\u0219 , Direc\u021bia \u00a0Municipal\u0103 \u00a0pentru \u00a0Cultur\u0103,Sport , Turism \u0219i Tineret\u00a0 Media\u0219 , \u00a0Spitalul Municipal \u00a0Media\u0219, loca\u021bii \u00a0unde cei care au avut mandate \u015fi-au executat efectiv \u00a0munca .<\/p>\n<p>D.A.S. Media\u015f urm\u0103re\u015fte, de asemenea, punerea \u00een aplicare a ordonan\u0163elor provenite de la Parchetele de pe l\u00e2ng\u0103 \u00a0judec\u0103torii, pentru cei care, conform dispozi\u0163iilor din Codul de procedur\u0103 penal\u0103 trebuie s\u0103 presteze munc\u0103 \u00a0neremunerat\u0103 \u00een folosul comunit\u0103\u0163ii dar \u0219i a deciziilor Serviciilor de proba\u021biune care dispun \u00een conformitate cu Legea 253\/2013 privind \u00a0executarea \u00a0pedepselor, a m\u0103surilor educative \u0219i a altor m\u0103suri neprivative de libertate \u00a0dispuse de organele \u00a0judiciare \u00een cursul procesului penal. Astfel \u00een decursul anului 2017, au fost executate \u00a035 de sentin\u021be civile, 27 decizii ale Serviciului de Proba\u021biune \u00a0Sibiu \u0219i 9 ordonan\u021be \u00a0emise \u00a0de \u00a0procuror.<\/p>\n<p><strong>CRE\u015eE\u00a0 <\/strong><\/p>\n<p><strong>\u00a0<\/strong>\u00cen cadrul Direc\u021biei \u00a0de \u00a0Asisten\u021b\u0103 Social\u0103 \u00a0func\u0163ioneaz\u0103 dou\u0103 \u00a0cre\u015fe care\u00a0 ofer\u0103 servicii sociale<\/p>\n<p>cu program de zi specializate \u00een cre\u015fterea, \u00a0\u00eengrijirea \u00a0\u015fi educarea \u00a0timpurie a \u00a0copiilor \u00een v\u00e2rst\u0103 de p\u00e2n\u0103 \u00a0la 3 \u00a0ani.<\/p>\n<p><u>Cre\u015fa nr. 1<\/u> situat\u0103 \u00een Media\u015f, str. Sondorilor nr. 18 \u00a0are o\u00a0 \u00a0capacitate de \u00a030 de locuri, din care \u00een<\/p>\n<p>anul 2017\u00a0 \u00a0au fost ocupate \u00a028 \u00a0de locuri , \u00een prezent efectivul cre\u0219ei este ocupat \u00een propor\u021bie de<\/p>\n<p>80 %\u00a0 \u015fi exist\u0103 deja \u00a02 \u00a0solicit\u0103ri\u00a0 pentru anul \u015fcolar 2018-2019.<\/p>\n<p>In cadrul \u00a0acestei\u00a0 cre\u0219e \u00a0\u00ee\u0219i \u00a0desf\u0103\u0219oar\u0103\u00a0 \u00a0activitatea \u00a0un num\u0103r \u00a0de \u00a05 \u00a0persoane.<\/p>\n<p><u>Cre\u015fa nr. 2 \u00a0<\/u>situat\u0103 \u00een Media\u015f, str. 1 Decembrie nr. 34 are o \u00a0capacitate de 60 de locuri \u00a0iar in anul 2017 au fost ocupate 46 de locuri, \u00een prezent efectivul\u00a0 cre\u0219ei este ocupat \u00een propor\u021bie de 80 % \u015fi exist\u0103 deja 9\u00a0 solicit\u0103ri\u00a0\u00a0 pentru anul \u015fcolar\u00a0 2018-2019.<\/p>\n<p>In cadrul acestei cre\u0219e\u00a0 \u00a0\u00ee\u0219i\u00a0 desf\u0103\u0219oar\u0103\u00a0\u00a0 activitatea \u00a0un \u00a0num\u0103r de 8 \u00a0persoane .<\/p>\n<p>Pentru\u00a0 aceast\u0103\u00a0 cre\u0219\u0103 fuc\u021bioneaz\u0103 \u00a0un sistem \u00a0video\u00a0 prin intermediul c\u0103ruia p\u0103rin\u021bii ( pe baza unei parole de acces , a unui acord cu privire la imaginile furnizate \u0219i a declara\u021biei de confiden\u021bialitate )\u00a0\u00a0 pot s\u0103 \u00ee\u0219i\u00a0 vad\u0103 copiii \u00een\u00a0 timpul\u00a0 programului\u00a0 cre\u0219ei .<\/p>\n<p>Ambele cre\u0219e \u00a0func\u021bioneaz\u0103 cu program \u00a0zilnic \u00een intervalul orar 6.00 -16.00 .<\/p>\n<p>\u00cen cele\u00a0 219\u00a0 zile\u00a0 lucr\u0103toare\u00a0 din\u00a0 anul\u00a0 2017 au\u00a0 frecventat\u00a0 cre\u0219ele\u00a0 din\u00a0 cadrul\u00a0 direc\u021biei\u00a0 noastre un num\u0103r 8107 copii, cu o medie , cu o medie \u00a0de 37 copii\/zi .<\/p>\n<p>Micul dejun \u0219i pr\u00e2nzul sunt \u00a0preg\u0103tite zilnic de buc\u0103tar \u00een blocul alimentar, meniul fiind stabilit de buc\u0103tar \u00a0\u00eempreun\u0103 cu asistentul medical \u0219i este diversificat \u00een fiecare zi respect\u00e2ndu-se normele de nutri\u021bie \u0219i igien\u0103 a copiilor .<\/p>\n<p>Serviciile celor dou\u0103 cre\u0219e sunt asigurate de personal calificat care s-a implicat \u00a0permanent \u00a0\u00een organizarea \u00a0diferitelor activit\u0103\u021bi \u00a0tematice cu copiii : serbare de 8 Martie , carnaval ,\u00a0 \u201csapt\u0103m\u00e2na Altfel \u201c , sarb\u0103toarea\u00a0 Unirii, ziua\u00a0 Iei,\u00a0 ziua\u00a0 Recoltei , acordarea \u00a0unor \u00a0diplome \u00a0cu diverse \u00a0ocazii , etc.<\/p>\n<p>De asemenea exist\u0103 \u00a0stabilit\u0103 o \u00a0bun\u0103 rela\u021bie \u00a0de comunicare \u0219i colaborare cu \u00a0p\u0103rin\u021bii copiilor .<\/p>\n<p>Personalul angajat s-a preocupat \u00a0zilnic de \u00eengrijirea \u00a0\u015fi educarea copiilor care au frecventat cre\u015fa precum \u015fi de \u00eentre\u0163inerea \u015fi buna gospod\u0103rire a mijloacelor fixe \u015fi mobile din cadrul unit\u0103\u0163ii.<\/p>\n<p><strong>ASISTEN\u0162\u0102 \u00a0MEDICAL\u0102 \u2013 UNIT\u0102\u0162I \u00a0\u00a0DE \u00a0\u00ceNV\u0102\u0162\u0102M\u00c2NT<\/strong><\/p>\n<p>\u00cen cadrul Direc\u0163iei de \u00a0Asisten\u0163\u0103 \u00a0Social\u0103 \u00a0Media\u015f, \u00ee\u015fi desf\u0103\u015foar\u0103 \u00a0activitatea doi medici \u2013 medicin\u0103 general\u0103, un medic stomatolog \u015fi 9 asisten\u0163i \u00a0medicali, \u00a0\u00een \u00a0vederea acord\u0103rii de servicii medicale competente \u00een cadrul cabinetelor medicale \u00a0\u015fcolare din \u00a0municipiul nostru.<\/p>\n<p>\u00cen cadrul cabinetelor de medicin\u0103 general\u0103 \u00ee\u015fi desf\u0103\u015foar\u0103 activitatea doi medici de medicin\u0103 general\u0103 \u015fi 9 asisten\u0163i medicali care acord\u0103 servicii de asisten\u0163\u0103 medical\u0103 unui \u00a0num\u0103r de 7203 elevi care au frecventat \u00eenv\u0103\u0163\u0103m\u00e2ntul de mas\u0103 \u00een cursul anului 2017 \u00een toate unit\u0103\u0163ile de \u00eenv\u0103\u0163\u0103m\u00e2nt din municipiul \u00a0Media\u015f.<\/p>\n<p>\u00cen cadrul acestui an s-au desf\u0103\u015furat \u00a0urm\u0103toarele \u00a0activit\u0103\u0163i:<\/p>\n<ul>\n<li>Triaje epidemiologice efectuate dup\u0103 vacan\u021bele \u0219colare \u2013 13377 , \u00een urma lor fiind depistate un num\u0103r de \u00a0337 cazuri de boli\u00a0 infecto-contagioase<\/li>\n<\/ul>\n<p>Consulta\u0163ii: &#8211; 3208 \u00a0elevi<\/p>\n<ul>\n<li>Eliberarea adeverin\u021belor medicale \u00een diferite cazuri<\/li>\n<li>Vizarea meniurilor \u00a0s\u0103pt\u0103m\u00e2nale \u00een unit\u0103\u0163ile \u00a0de \u00eenv\u0103\u0163\u0103m\u00e2nt \u00a0cu bloc alimentar.<\/li>\n<li>Sus\u0163inerea de ore cu tematica educa\u0163ie pentru s\u0103n\u0103tate.<\/li>\n<li>Asigurarea asisten\u0163ei medicale la competi\u0163ii sportive organizate de unit\u0103\u0163ile de \u00eenv\u0103\u0163\u0103m\u00e2nt arondate, examenele de capacitatea \u015fi bacalaureat precum \u015fi \u00een taberele \u015fcolare.<\/li>\n<\/ul>\n<p><strong>CABINETE \u00a0\u00a0STOMATOLOGICE<\/strong><\/p>\n<p><strong>\u00a0<\/strong>\u00cen cadrul Direc\u0163iei de Asisten\u0163\u0103 Social\u0103 exist\u0103 un \u00a0cabinet \u015fcolar stomatologic, a acest cabinet sunt\u00a0 arondate\u00a0 toate unit\u0103\u0163ile\u00a0 de\u00a0 \u00eenv\u0103\u0163\u0103m\u00e2nt din municipiul nostru .<\/p>\n<p>\u00cen cadrul Cabinetului medical stomatologic \u00ee\u015fi desf\u0103\u015foar\u0103 activitatea un medic specialist stomatolog.<\/p>\n<p>.Activitatea medical\u0103 \u00een perioada 1 ianuarie \u2013 31 decembrie 2017 s-a concretizat \u00een:<\/p>\n<ul>\n<li>Consulta\u0163ii \u2013 1492<\/li>\n<li>Ore educa\u0163ie sanitar\u0103 \u2013 12<\/li>\n<li>Tratamente \u2013 2152 (\u00a0 tratamente\u00a0 pulpare , \u00a0extrac\u021bii , detartraj\u00a0 mecanic , periaj<\/li>\n<\/ul>\n<p>profesional,\u00a0 obtura\u021bii , sigil\u0103ri\u00a0 \u00een \u0219an\u021buri \u0219i fosete , anestezii,\u00a0\u00a0 tratamente afte, stomatite etc )<\/p>\n<p><strong>\u00a0<\/strong><strong>ASISTEN\u021a\u0102\u00a0\u00a0 MEDICAL\u0102\u00a0\u00a0 COMUNITAR\u0102 <\/strong><\/p>\n<p><strong>\u00a0<\/strong>Din anul 2016\u00a0 \u00een cadrul \u00a0\u00a0direc\u021biei\u00a0 \u00ee\u0219i \u00a0desf\u0103\u0219oar\u0103\u00a0 activitatea\u00a0\u00a0 un mediator \u00a0sanitar ,persoan\u0103 responsabil\u0103 s\u0103 faciliteze comunicarea \u00eentre membrii \u00a0comunit\u0103\u021bii de romi din municipiul nostru \u00a0\u0219i \u00a0autoritatea \u00a0public\u0103 local\u0103 , s\u0103 colaboreze cu medicii de familie ori de c\u00e2te ori este nevoie , \u00een\u00a0 \u00a0diferite campanii\u00a0 de \u00a0\u00a0preven\u021bie,\u00a0 informare, \u00a0educare \u0219i con\u0219tientizare \u00a0din domeniul promov\u0103rii \u00a0s\u0103n\u0103t\u0103\u021bii, \u00een \u00a0colaborare cu \u00a0speciali\u0219ti din cadrul \u00a0direc\u021biei : asistent\u00a0 social , psiholog , sociolog \u00a0.<\/p>\n<p><strong>\u00a0<\/strong><strong>SMURD<\/strong><\/p>\n<p>SMURD din \u00a0cadrul D.A.S. Media\u015f reprezint\u0103 componenta \u00a0institu\u0163ional\u0103 a administra\u0163iei publice locale Media\u015f constituit\u0103 \u00a0\u00a0\u00een parteneriat cu Autoritatea de S\u0103n\u0103tate Public\u0103 prin Spitalul Jude\u0163ean Sibiu (UPU), cu Serviciul Jude\u0163ean de Ambulan\u0163\u0103, I.S.U. Sibiu, prin Deta\u015famentul de pompieri \u00a0Media\u015f. Acest serviciu func\u0163ioneaz\u0103 \u00een vederea ap\u0103r\u0103rii \u015fi salv\u0103rii de vie\u0163i omene\u015fti atunci c\u00e2nd acestea sunt expuse unui pericol iminent determinat de diferi\u0163i factori care apar \u00een timpul unor evenimente care se produc la nivelul sectorului de competen\u0163\u0103.<\/p>\n<p>In cadrul SMURD, din partea autorit\u0103\u021bii publice locale \u00a0\u00ee\u0219i\u00a0 desf\u0103\u0219oar\u0103\u00a0 activitatea 5 pompieri \u00a0salvatori .<\/p>\n<p>\u00cen cursul anului 2017, serviciul SMURD din cadrul Sec\u021biei de pompieri Media\u015f\u00a0 a intervenit \u00een 1638 \u00a0de cazuri cu 347 de cazuri mai mult \u00a0dec\u00e2t \u00een anul 2016.<\/p>\n<p>\u00cen ceea ce prive\u015fte cazuistica ac\u0163iunilor, 94% din totalul interven\u0163iilor o reprezint\u0103 asisten\u0163a medical\u0103 de urgen\u0163\u0103, restul de 6% fiind \u00a0reprezentat\u0103 de asisten\u0163a medical\u0103 la cazuri de natur\u0103 traumatic\u0103: accidente rutiere, traumatisme produse prin agresiune, traumatisme produse prin c\u0103dere de \u00a0la acela\u015fi nivel, c\u0103dere de la \u00een\u0103l\u0163ime,\u00a0 etc.<\/p>\n<ul>\n<li>Asisten\u0163a medical\u0103 de urgen\u0163\u0103 s-a asigurat \u00een \u00a0urm\u0103toarele \u00a0cazuri :\n<ul>\n<li>80 \u00a0afec\u021biuni \u00a0cardiace,<\/li>\n<li>194 intoxica\u0163ii<\/li>\n<li>302 traumatisme<\/li>\n<li>6 \u00a0arsuri<\/li>\n<li>1 \u00a0stop cardio-respirator \u00a0resuscitat<\/li>\n<li>23 stop \u00a0cardio-respirator \u00a0neresuscitat<\/li>\n<li>772 medicale<\/li>\n<li>148 neurologice<\/li>\n<li>4 deceda\u021bi<\/li>\n<li>4 alte\u00a0 afec\u021biuni<\/li>\n<li>43 prim ajutor la accidente rutiere<\/li>\n<li>5 asisten\u021b\u0103 persoane<\/li>\n<li>31 deplas\u0103ri \u00a0f\u0103r\u0103 \u00a0interven\u0163ie<\/li>\n<li>20 patrul\u0103ri pentru prevenirea \u00a0hipotermiei<\/li>\n<\/ul>\n<\/li>\n<\/ul>\n<p><strong>\u00a0<\/strong><strong>AD\u0102POST\u00a0 DE NOAPTE\u00a0\u00a0 \u015eI ASISTEN\u0162\u0102\u00a0 DE REINSER\u0162IE\u00a0 PENTRU\u00a0 PERSOANELE\u00a0\u00a0 F\u0102R\u0102\u00a0 AD\u0102POST ( A.N.A.R.) <\/strong><\/p>\n<p><strong>\u00a0<\/strong>Ad\u0103postul\u00a0 de Noapte \u015fi Asisten\u0163\u0103 de Reinser\u0163ie pentru Persoanele f\u0103r\u0103 Ad\u0103post, serviciu social \u00een cadrul Direc\u0163iei de Asisten\u0163\u0103 Social\u0103 Media\u015f, acord\u0103 servicii sociale pentru persoane f\u0103r\u0103 ad\u0103post, f\u0103r\u0103 sprijin familial, \u00een general f\u0103r\u0103 surse de venit.<\/p>\n<p>In cadrul A.N.A.R. \u00a0\u00ee\u0219i\u00a0 desf\u0103\u0219oar\u0103\u00a0 \u00a0\u00a0activitatea \u00a06 persoane.<\/p>\n<p>Capacitatea \u00a0ad\u0103postului de \u00a0noapte este de 15 locuri, distribuite \u00een dou\u0103 dormitoare \u2013 8 locuri b\u0103rba\u0163i \u015fi 7 locuri femei.<\/p>\n<p>Pe parcursul anului 2017, activitatea ad\u0103postului de noapte s-a desf\u0103\u015furat \u00een raport cu programul de lucru \u00a0stabilit, ture de \u00a012 ore, \u00eentre orele 19.oo \u2013 07.oo,<\/p>\n<p>Ad\u0103postul de noapte a oferit servicii sociale \u015fi asisten\u0163\u0103 unui num\u0103r de 36 de persoane, majoritatea b\u0103rba\u0163i, cu v\u00e2rsta cuprins\u0103 \u00a0\u00eentre \u00a024 ani \u00a0\u015fi \u00a083 de ani, \u00een medie un num\u0103r de 8\u00a0 beneficiari \/ pe noapte .<\/p>\n<p>Pentru asigurarea unei bune func\u0163ion\u0103ri a ad\u0103postului de noapte, au fost efectuate pe parcursul anului \u00a0repara\u0163ii de \u00eentre\u0163inere , a fost asigurat \u00a0\u00een permanen\u0163\u0103 \u00a0necesarul de materiale de cur\u0103\u0163enie \u00een vederea igieniz\u0103rii corespunz\u0103toare a ad\u0103postului precum \u015fi materialele necesare \u00een vedere realiz\u0103rii igienei personale pentru \u00a0beneficiarii \u00a0ad\u0103postului. Tot \u00een vederea asigur\u0103rii unui \u00a0cadru de lucru igienic \u00a0au fost efectuate deratiz\u0103ri periodice.<\/p>\n<p>Pe timpul sta\u0163ion\u0103rii \u00een ad\u0103post, persoanelor f\u0103r\u0103 ad\u0103post li s-a\u00a0 asigurat igiena corporal\u0103 \u00een regim de urgen\u0163\u0103, deparazitare, dup\u0103 caz, un loc \u00een spa\u0163iul amenajat pentru dormit, haine \u015fi lenjerie pentru \u00a0uzul personal \u015fi de \u00a0asemenea li s-a oferit \u00a0ceai cald \u00a0servit \u00eentr-un spa\u0163iu \u00a0amenajat \u00a0\u015fi dotat \u00a0cu mese \u015fi scaune, \u00a0\u00a0spa\u0163iu \u00a0adecvat \u015fi \u00a0pentru socializare.<\/p>\n<h1>Pe parcursul anului 2017 s-au primit sponsoriz\u0103ri pentru beneficiarii ad\u0103postului\u00a0 const\u00e2nd \u00a0\u00een alimente \u00a0(hran\u0103 cald\u0103 \u015fi conserve) \u00a0\u015fi \u00eembr\u0103c\u0103minte, de la persoane fizice\u00a0 din municipiul Media\u015f.<\/h1>\n<p><strong>\u00a0<\/strong>PROIECTUL \u00a0\u00a0\u201e<strong> Strategia \u00a0de\u00a0 Dezvoltare Local\u0103 \u00a0a\u00a0 Zonelor \u00a0Urbane\u00a0 Marginalizate \u00a0de pe raza Municipiului\u00a0\u00a0 Media\u0219 \u201e <\/strong><\/p>\n<p>\u00cen perioada\u00a0\u00a0 16.08.2017- 04.12.2017\u00a0 speciali\u0219tii\u00a0\u00a0 din cadrul\u00a0 D.A.S.Media\u0219 au fost implica\u021bi \u00een \u00a0implementarea\u00a0 proiectului\u00a0\u00a0 \u201e Strategia de\u00a0 Dezvoltare Local\u0103 a\u00a0 Zonelor Urbane\u00a0 Marginalizate de \u00a0pe raza Municipiului\u00a0\u00a0 Media\u0219 \u201e<\/p>\n<p>Proiectul a fost \u00a0cofinan\u0163at din Programul Opera\u0163ional Capital Uman 2014 -2020 Axa prioritar\u0103 5 Dezvoltare local\u0103 plasat\u0103 sub responsabilitatea comunit\u0103\u021bii, \u00a0Prioritatea de investi\u021bie 9.vi Strategii de dezvoltare local\u0103 apel de proiecte elaborate la nivelul comunit\u0103\u021bii, \u00een cadrul apelului \u00a0de proiecte \u00a0POCU\/86\/5\/1\/ .<\/p>\n<p>Valoarea total\u0103 eligibil\u0103 \u00a0a proiectului \u00a0(f\u0103r\u0103 TVA) \u00a0a fost de \u00a0de 221.951,84 lei, din care 215.688, 89 lei \u00a0reprezint\u0103 \u00a0finan\u021bare \u00a0nerambursabil\u0103.<\/p>\n<p>Proiectul a fost\u00a0 implementat de c\u0103tre \u00a0Municipiul Media\u0219, jud Sibiu, in parteneriat cu \u00a0Romactiv Business \u00a0Consulting SRL Bucure\u0219ti \u00a0\u0219i \u00a0Asocia\u021bia \u201dPhoenix-Speran\u021ba\u201d Media\u0219 \u00a0\u0219i \u00a0a avut \u00a0ca obiectiv general \u00a0cre\u0219terea \u00a0capacit\u0103\u021bii de planificare strategic\u0103 la nivelul municipiului Media\u0219 prin elaborarea Strategiei de Dezvoltare Local\u0103 av\u00e2nd ca scop cre\u0219terea gradului de dezvoltare socio-economic\u0103 a zonelor urbane marginalizate, bazat\u0103 pe responsabilitatea \u00a0comunit\u0103\u021bii.<\/p>\n<p>Activit\u0103\u021bile \u00a0\u00een cadrul proiectului \u00a0au fost urm\u0103toarele :<\/p>\n<p>&#8211; \u00eenfiin\u021barea Grupului de Ac\u021biune Local\u0103 (GAL) \u0219i asigurarea func\u021bionalit\u0103\u021bii \u00a0acestuia, inclusiv prin \u00eembun\u0103t\u0103\u021birea \u00a0competen\u021belor membrilor \u0219i \u00a0personalului \u00a0GAL;<\/p>\n<p>&#8211; delimitarea comunit\u0103\u021bii marginalizate \u0219i a teritoriului Strategiei de Dezvoltare Local\u0103 (SDL), inclusiv a zonei urbane marginalizate \u00a0(ZUM);<\/p>\n<p>&#8211; animarea partenerilor \u00a0locali \u0219i \u00a0mobilizarea comunit\u0103\u021bii marginalizate vizate de SDL;<\/p>\n<p>&#8211; elaborarea Strategiei de Dezvoltare \u00a0Local\u0103 si a listei indicative de \u00a0interven\u021bii prin \u00a0care GAL consider\u0103 c\u0103 vor fi \u00a0atinse \u00a0obiectivele \u00a0Strategiei \u00a0de \u00a0Dezvoltare \u00a0Local\u0103.<\/p>\n<p>Prin implementarea \u00a0proiectului \u00a0s-au \u00a0ob\u021binut\u00a0 \u00a0urm\u0103toarele \u00a0\u00a0rezultate:<\/p>\n<ul>\n<li>Constituirea unui parteneriat local viabil (Grup de Actiune Local\u0103) av\u00e2nd ca scop dezvoltarea socio-economic\u0103 a comunit\u0103\u021bii marginalizate \u00a0de pe \u00a0raza \u00a0municipiului \u00a0Media\u0219<\/li>\n<li>Diagnosticarea st\u0103rii rela\u021biilor func\u021bionale, a \u00a0disparit\u0103\u021bilor \u00a0\u0219i a oportunit\u0103\u021bilor \u00a0de dezvoltare \u00een scopul formul\u0103rii \u00a0direc\u021biilor de \u00a0dezvoltare \u00a0local\u0103<\/li>\n<li>Stimularea particip\u0103rii \u0219i implic\u0103rii membrilor comunit\u0103\u021bii \u00een procesul de planificare strategic\u0103, \u00een \u00a0vederea construirii \u00a0unei \u00a0rela\u021bii de parteneriat \u00a0necesare \u00a0rezolv\u0103rii \u00een \u00a0comun a unor \u00a0probleme de importan\u021b\u0103 \u00a0major\u0103 pentru \u00a0dezvoltarea \u00a0zonei \u00a0marginalizate \u00a0din \u00a0Municipiul \u00a0Media\u0219.<\/li>\n<li>Elaborarea Strategiei de dezvoltare local\u0103 \u0219i a listei de interven\u021bii ca instrument pentru dezvoltarea sustenabil\u0103 \u0219i \u00a0echilibrat\u0103 a comunit\u0103\u021bii \u00a0\u00a0marginalizate, \u00een \u00a0sensul \u00a0combaterii \u00a0s\u0103r\u0103ciei \u0219i \u00a0excluziunii \u00a0sociale \u00a0din \u00a0municipiul \u00a0\u00a0nostru .<\/li>\n<li><a href=\"https:\/\/dasmedias.ro\/wp-content\/uploads\/2018\/03\/diagrama-beneficii-de-asistenc5a3c483-socialc483-2017.xlsx\">diagrama beneficii de asisten\u0163\u0103 social\u0103 2017<\/a><\/li>\n<li><a href=\"https:\/\/dasmedias.ro\/wp-content\/uploads\/2018\/03\/diagrama-in-procente.xlsx\">diagrama in procente<\/a><\/li>\n<\/ul>\n","protected":false},"excerpt":{"rendered":"<p>Direc\u0163ia de \u00a0Asisten\u0163\u0103 Social\u0103 \u00a0Media\u015f \u00a0(D.A.S.), \u00eenfiin\u0163at\u0103 prin H.C.L. Media\u0219 \u00a0nr. 98\/2006, \u00a0func\u0163ioneaz\u0103 ca institu\u0163ie public\u0103 de interes local, cu personalitate juridic\u0103, prestatoare de servicii publice \u015fi de utilitate public\u0103, acord\u00e2nd servicii sociale primare \u015fi specializate, \u00een condi\u0163iile prev\u0103zute de lege. Direc\u0163ia de Asisten\u0163\u0103 Social\u0103 Media\u015f asigur\u0103 aplicarea politicilor sociale la nivel local \u00een domeniul protec\u0163iei copilului, familiei, persoanelor singure, [&hellip;]<\/p>\n","protected":false},"author":1,"featured_media":0,"comment_status":"open","ping_status":"open","sticky":false,"template":"","format":"standard","meta":{"footnotes":""},"categories":[1],"tags":[],"class_list":["post-1176","post","type-post","status-publish","format-standard","hentry","category-noutati"],"_links":{"self":[{"href":"https:\/\/dasmedias.ro\/index.php\/wp-json\/wp\/v2\/posts\/1176","targetHints":{"allow":["GET"]}}],"collection":[{"href":"https:\/\/dasmedias.ro\/index.php\/wp-json\/wp\/v2\/posts"}],"about":[{"href":"https:\/\/dasmedias.ro\/index.php\/wp-json\/wp\/v2\/types\/post"}],"author":[{"embeddable":true,"href":"https:\/\/dasmedias.ro\/index.php\/wp-json\/wp\/v2\/users\/1"}],"replies":[{"embeddable":true,"href":"https:\/\/dasmedias.ro\/index.php\/wp-json\/wp\/v2\/comments?post=1176"}],"version-history":[{"count":0,"href":"https:\/\/dasmedias.ro\/index.php\/wp-json\/wp\/v2\/posts\/1176\/revisions"}],"wp:attachment":[{"href":"https:\/\/dasmedias.ro\/index.php\/wp-json\/wp\/v2\/media?parent=1176"}],"wp:term":[{"taxonomy":"category","embeddable":true,"href":"https:\/\/dasmedias.ro\/index.php\/wp-json\/wp\/v2\/categories?post=1176"},{"taxonomy":"post_tag","embeddable":true,"href":"https:\/\/dasmedias.ro\/index.php\/wp-json\/wp\/v2\/tags?post=1176"}],"curies":[{"name":"wp","href":"https:\/\/api.w.org\/{rel}","templated":true}]}}